{"id":9744,"date":"2025-01-14T22:14:04","date_gmt":"2025-01-14T21:14:04","guid":{"rendered":"https:\/\/wgphoto.pl\/t\/?p=9744"},"modified":"2025-01-14T22:14:04","modified_gmt":"2025-01-14T21:14:04","slug":"dobrzen-wielki","status":"publish","type":"post","link":"https:\/\/wgphoto.pl\/t\/?p=9744","title":{"rendered":"Dobrze\u0144 Wielki"},"content":{"rendered":"\n<figure class=\"wp-block-image aligncenter size-full\"><img loading=\"lazy\" decoding=\"async\" width=\"1050\" height=\"700\" src=\"https:\/\/wgphoto.pl\/t\/wp-content\/uploads\/2025\/01\/IMGP4533.jpg\" alt=\"\" class=\"wp-image-9745\" srcset=\"https:\/\/wgphoto.pl\/t\/wp-content\/uploads\/2025\/01\/IMGP4533.jpg 1050w, https:\/\/wgphoto.pl\/t\/wp-content\/uploads\/2025\/01\/IMGP4533-300x200.jpg 300w, https:\/\/wgphoto.pl\/t\/wp-content\/uploads\/2025\/01\/IMGP4533-768x512.jpg 768w\" sizes=\"auto, (max-width: 1050px) 100vw, 1050px\" \/><\/figure>\n\n\n\n<div class=\"wp-block-group has-global-padding is-layout-constrained wp-block-group-is-layout-constrained\">\n<p>EN57-602 jako Regio 60493 relacji Opole G\u0142. &#8211; Jelcz-Laskowice mija nastawni\u0119 dysponuj\u0105c\u0105 w Dobrzeniu Wielkim i za chwil\u0119 zatrzyma si\u0119 przy peronie. Z poci\u0105gu wysi\u0105dzie tu jedna pasa\u017cerka. 12.05.2014<\/p>\n<\/div>\n","protected":false},"excerpt":{"rendered":"<p>EN57-602 jako Regio 60493 relacji Opole G\u0142. &#8211; Jelcz-Laskowice mija nastawni\u0119 dysponuj\u0105c\u0105 w Dobrzeniu Wielkim i za chwil\u0119 zatrzyma si\u0119 przy peronie. Z poci\u0105gu wysi\u0105dzie tu jedna pasa\u017cerka. 12.05.2014<\/p>\n","protected":false},"author":1,"featured_media":9745,"comment_status":"open","ping_status":"","sticky":false,"template":"","format":"standard","meta":{"footnotes":""},"categories":[2,48],"tags":[2934,2933,132,63,27,2179],"class_list":["post-9744","post","type-post","status-publish","format-standard","has-post-thumbnail","hentry","category-kolej","category-rok-2014","tag-2014-05-12","tag-dobrzen-wielki","tag-en57","tag-pkp","tag-polska","tag-tab-pl215"],"_links":{"self":[{"href":"https:\/\/wgphoto.pl\/t\/index.php?rest_route=\/wp\/v2\/posts\/9744","targetHints":{"allow":["GET"]}}],"collection":[{"href":"https:\/\/wgphoto.pl\/t\/index.php?rest_route=\/wp\/v2\/posts"}],"about":[{"href":"https:\/\/wgphoto.pl\/t\/index.php?rest_route=\/wp\/v2\/types\/post"}],"author":[{"embeddable":true,"href":"https:\/\/wgphoto.pl\/t\/index.php?rest_route=\/wp\/v2\/users\/1"}],"replies":[{"embeddable":true,"href":"https:\/\/wgphoto.pl\/t\/index.php?rest_route=%2Fwp%2Fv2%2Fcomments&post=9744"}],"version-history":[{"count":1,"href":"https:\/\/wgphoto.pl\/t\/index.php?rest_route=\/wp\/v2\/posts\/9744\/revisions"}],"predecessor-version":[{"id":9746,"href":"https:\/\/wgphoto.pl\/t\/index.php?rest_route=\/wp\/v2\/posts\/9744\/revisions\/9746"}],"wp:featuredmedia":[{"embeddable":true,"href":"https:\/\/wgphoto.pl\/t\/index.php?rest_route=\/wp\/v2\/media\/9745"}],"wp:attachment":[{"href":"https:\/\/wgphoto.pl\/t\/index.php?rest_route=%2Fwp%2Fv2%2Fmedia&parent=9744"}],"wp:term":[{"taxonomy":"category","embeddable":true,"href":"https:\/\/wgphoto.pl\/t\/index.php?rest_route=%2Fwp%2Fv2%2Fcategories&post=9744"},{"taxonomy":"post_tag","embeddable":true,"href":"https:\/\/wgphoto.pl\/t\/index.php?rest_route=%2Fwp%2Fv2%2Ftags&post=9744"}],"curies":[{"name":"wp","href":"https:\/\/api.w.org\/{rel}","templated":true}]}}