{"id":9747,"date":"2025-01-14T22:15:02","date_gmt":"2025-01-14T21:15:02","guid":{"rendered":"https:\/\/wgphoto.pl\/t\/?p=9747"},"modified":"2025-01-14T22:15:02","modified_gmt":"2025-01-14T21:15:02","slug":"osobowy-w-rogalicach","status":"publish","type":"post","link":"https:\/\/wgphoto.pl\/t\/?p=9747","title":{"rendered":"Osobowy w Rogalicach"},"content":{"rendered":"\n<figure class=\"wp-block-image aligncenter size-full\"><img loading=\"lazy\" decoding=\"async\" width=\"1050\" height=\"700\" src=\"https:\/\/wgphoto.pl\/t\/wp-content\/uploads\/2025\/01\/IMGP6621-1.jpg\" alt=\"\" class=\"wp-image-9748\" srcset=\"https:\/\/wgphoto.pl\/t\/wp-content\/uploads\/2025\/01\/IMGP6621-1.jpg 1050w, https:\/\/wgphoto.pl\/t\/wp-content\/uploads\/2025\/01\/IMGP6621-1-300x200.jpg 300w, https:\/\/wgphoto.pl\/t\/wp-content\/uploads\/2025\/01\/IMGP6621-1-768x512.jpg 768w\" sizes=\"auto, (max-width: 1050px) 100vw, 1050px\" \/><\/figure>\n\n\n\n<div class=\"wp-block-group has-global-padding is-layout-constrained wp-block-group-is-layout-constrained\">\n<p>A oto i owa jedyna osob\u00f3wka &#8211; jednostka EN57-1077 wykonuj\u0105ca kurs 921 z Opola G\u0142\u00f3wnego do Jelcza-Laskowic. Mija ona by\u0142\u0105 nastawni\u0119 wykonawcz\u0105(?), obecnie stra\u017cnic\u0119 przejazdow\u0105, w obr\u0119bie nieczynnej stacji Rogalice. 08.07.2009<\/p>\n<\/div>\n","protected":false},"excerpt":{"rendered":"<p>A oto i owa jedyna osob\u00f3wka &#8211; jednostka EN57-1077 wykonuj\u0105ca kurs 921 z Opola G\u0142\u00f3wnego do Jelcza-Laskowic. Mija ona by\u0142\u0105 nastawni\u0119 wykonawcz\u0105(?), obecnie stra\u017cnic\u0119 przejazdow\u0105, w obr\u0119bie nieczynnej stacji Rogalice. 08.07.2009<\/p>\n","protected":false},"author":1,"featured_media":9748,"comment_status":"open","ping_status":"","sticky":false,"template":"","format":"standard","meta":{"footnotes":""},"categories":[2,169],"tags":[2236,132,63,27,2935,2179],"class_list":["post-9747","post","type-post","status-publish","format-standard","has-post-thumbnail","hentry","category-kolej","category-rok-2009","tag-2009-07-08","tag-en57","tag-pkp","tag-polska","tag-rogalice","tag-tab-pl215"],"_links":{"self":[{"href":"https:\/\/wgphoto.pl\/t\/index.php?rest_route=\/wp\/v2\/posts\/9747","targetHints":{"allow":["GET"]}}],"collection":[{"href":"https:\/\/wgphoto.pl\/t\/index.php?rest_route=\/wp\/v2\/posts"}],"about":[{"href":"https:\/\/wgphoto.pl\/t\/index.php?rest_route=\/wp\/v2\/types\/post"}],"author":[{"embeddable":true,"href":"https:\/\/wgphoto.pl\/t\/index.php?rest_route=\/wp\/v2\/users\/1"}],"replies":[{"embeddable":true,"href":"https:\/\/wgphoto.pl\/t\/index.php?rest_route=%2Fwp%2Fv2%2Fcomments&post=9747"}],"version-history":[{"count":1,"href":"https:\/\/wgphoto.pl\/t\/index.php?rest_route=\/wp\/v2\/posts\/9747\/revisions"}],"predecessor-version":[{"id":9749,"href":"https:\/\/wgphoto.pl\/t\/index.php?rest_route=\/wp\/v2\/posts\/9747\/revisions\/9749"}],"wp:featuredmedia":[{"embeddable":true,"href":"https:\/\/wgphoto.pl\/t\/index.php?rest_route=\/wp\/v2\/media\/9748"}],"wp:attachment":[{"href":"https:\/\/wgphoto.pl\/t\/index.php?rest_route=%2Fwp%2Fv2%2Fmedia&parent=9747"}],"wp:term":[{"taxonomy":"category","embeddable":true,"href":"https:\/\/wgphoto.pl\/t\/index.php?rest_route=%2Fwp%2Fv2%2Fcategories&post=9747"},{"taxonomy":"post_tag","embeddable":true,"href":"https:\/\/wgphoto.pl\/t\/index.php?rest_route=%2Fwp%2Fv2%2Ftags&post=9747"}],"curies":[{"name":"wp","href":"https:\/\/api.w.org\/{rel}","templated":true}]}}