{"id":9750,"date":"2025-01-14T22:15:55","date_gmt":"2025-01-14T21:15:55","guid":{"rendered":"https:\/\/wgphoto.pl\/t\/?p=9750"},"modified":"2025-01-14T22:15:55","modified_gmt":"2025-01-14T21:15:55","slug":"pospieszny-w-rogalicach","status":"publish","type":"post","link":"https:\/\/wgphoto.pl\/t\/?p=9750","title":{"rendered":"Pospieszny w Rogalicach"},"content":{"rendered":"\n<figure class=\"wp-block-image aligncenter size-full\"><img loading=\"lazy\" decoding=\"async\" width=\"1050\" height=\"700\" src=\"https:\/\/wgphoto.pl\/t\/wp-content\/uploads\/2025\/01\/IMGP6613.jpg\" alt=\"\" class=\"wp-image-9751\" srcset=\"https:\/\/wgphoto.pl\/t\/wp-content\/uploads\/2025\/01\/IMGP6613.jpg 1050w, https:\/\/wgphoto.pl\/t\/wp-content\/uploads\/2025\/01\/IMGP6613-300x200.jpg 300w, https:\/\/wgphoto.pl\/t\/wp-content\/uploads\/2025\/01\/IMGP6613-768x512.jpg 768w\" sizes=\"auto, (max-width: 1050px) 100vw, 1050px\" \/><\/figure>\n\n\n\n<div class=\"wp-block-group has-global-padding is-layout-constrained wp-block-group-is-layout-constrained\">\n<p>EU07-440 z op\u00f3\u017anionym ponad 3 godziny poci\u0105giem pospiesznym &#8222;S\u0142owiniec&#8221; z Przemy\u015bla do S\u0142upska, jad\u0105cym drog\u0105 okr\u0119\u017cn\u0105 z Opola do Wroc\u0142awia przez Jelcz-Laskowice z powodu osuni\u0119cia nasypu w Lipkach, mija przystanek w Rogalicach. Na przystanku tym na jedyny w ci\u0105gu doby poci\u0105g osobowy do Jelcza-Laskowic oczekuje jedna podr\u00f3\u017cna, posiadaczka czerwonej torby, kt\u00f3ra uruchomiwszy sw\u00f3j bystry umys\u0142 wydedukowa\u0142a, \u017ce &#8222;co\u015b si\u0119 musia\u0142o sta\u0107 na linii przez Brzeg, skoro t\u0119dy pospieszne je\u017cd\u017c\u0105&#8221;. 08.07.2009<\/p>\n<\/div>\n","protected":false},"excerpt":{"rendered":"<p>EU07-440 z op\u00f3\u017anionym ponad 3 godziny poci\u0105giem pospiesznym &#8222;S\u0142owiniec&#8221; z Przemy\u015bla do S\u0142upska, jad\u0105cym drog\u0105 okr\u0119\u017cn\u0105 z Opola do Wroc\u0142awia przez Jelcz-Laskowice z powodu osuni\u0119cia nasypu w Lipkach, mija przystanek w Rogalicach. Na przystanku tym na jedyny w ci\u0105gu doby poci\u0105g osobowy do Jelcza-Laskowic oczekuje jedna podr\u00f3\u017cna, posiadaczka czerwonej torby, kt\u00f3ra uruchomiwszy sw\u00f3j bystry umys\u0142 [&hellip;]<\/p>\n","protected":false},"author":1,"featured_media":9751,"comment_status":"open","ping_status":"","sticky":false,"template":"","format":"standard","meta":{"footnotes":""},"categories":[2,169],"tags":[2236,122,63,27,2935,2179],"class_list":["post-9750","post","type-post","status-publish","format-standard","has-post-thumbnail","hentry","category-kolej","category-rok-2009","tag-2009-07-08","tag-eu07","tag-pkp","tag-polska","tag-rogalice","tag-tab-pl215"],"_links":{"self":[{"href":"https:\/\/wgphoto.pl\/t\/index.php?rest_route=\/wp\/v2\/posts\/9750","targetHints":{"allow":["GET"]}}],"collection":[{"href":"https:\/\/wgphoto.pl\/t\/index.php?rest_route=\/wp\/v2\/posts"}],"about":[{"href":"https:\/\/wgphoto.pl\/t\/index.php?rest_route=\/wp\/v2\/types\/post"}],"author":[{"embeddable":true,"href":"https:\/\/wgphoto.pl\/t\/index.php?rest_route=\/wp\/v2\/users\/1"}],"replies":[{"embeddable":true,"href":"https:\/\/wgphoto.pl\/t\/index.php?rest_route=%2Fwp%2Fv2%2Fcomments&post=9750"}],"version-history":[{"count":1,"href":"https:\/\/wgphoto.pl\/t\/index.php?rest_route=\/wp\/v2\/posts\/9750\/revisions"}],"predecessor-version":[{"id":9752,"href":"https:\/\/wgphoto.pl\/t\/index.php?rest_route=\/wp\/v2\/posts\/9750\/revisions\/9752"}],"wp:featuredmedia":[{"embeddable":true,"href":"https:\/\/wgphoto.pl\/t\/index.php?rest_route=\/wp\/v2\/media\/9751"}],"wp:attachment":[{"href":"https:\/\/wgphoto.pl\/t\/index.php?rest_route=%2Fwp%2Fv2%2Fmedia&parent=9750"}],"wp:term":[{"taxonomy":"category","embeddable":true,"href":"https:\/\/wgphoto.pl\/t\/index.php?rest_route=%2Fwp%2Fv2%2Fcategories&post=9750"},{"taxonomy":"post_tag","embeddable":true,"href":"https:\/\/wgphoto.pl\/t\/index.php?rest_route=%2Fwp%2Fv2%2Ftags&post=9750"}],"curies":[{"name":"wp","href":"https:\/\/api.w.org\/{rel}","templated":true}]}}