{"id":9757,"date":"2025-01-14T22:19:50","date_gmt":"2025-01-14T21:19:50","guid":{"rendered":"https:\/\/wgphoto.pl\/t\/?p=9757"},"modified":"2025-01-14T22:19:50","modified_gmt":"2025-01-14T21:19:50","slug":"regio-panter","status":"publish","type":"post","link":"https:\/\/wgphoto.pl\/t\/?p=9757","title":{"rendered":"Regio Panter"},"content":{"rendered":"\n<figure class=\"wp-block-image aligncenter size-full\"><img loading=\"lazy\" decoding=\"async\" width=\"1050\" height=\"700\" src=\"https:\/\/wgphoto.pl\/t\/wp-content\/uploads\/2025\/01\/IMGP3163.jpg\" alt=\"\" class=\"wp-image-9758\" srcset=\"https:\/\/wgphoto.pl\/t\/wp-content\/uploads\/2025\/01\/IMGP3163.jpg 1050w, https:\/\/wgphoto.pl\/t\/wp-content\/uploads\/2025\/01\/IMGP3163-300x200.jpg 300w, https:\/\/wgphoto.pl\/t\/wp-content\/uploads\/2025\/01\/IMGP3163-768x512.jpg 768w\" sizes=\"auto, (max-width: 1050px) 100vw, 1050px\" \/><\/figure>\n\n\n\n<div class=\"wp-block-group has-global-padding is-layout-constrained wp-block-group-is-layout-constrained\">\n<p>Poci\u0105g osobowy 6831 z Mostu do D\u011b\u010d\u00edna hl.n. z\u0142apany w chwil\u0119 przed odjazdem ze stacji pocz\u0105tkowej. Na koniec serii czeskich EZT-\u00f3w taki oto powiew nowoczesno\u015bci od Vag\u00f3nky, dzia\u0142aj\u0105cej obecnie pod szyldem holdingu \u0160koda. W latach 2011-2013 zam\u00f3wiono 12 tr\u00f3jwagonowych jednostek na =3 kV (wi\u0119kszo\u015b\u0107 dla wojew\u00f3dztwa Usteckiego), 8 dwusystemowych tr\u00f3jwagonowych oraz 6 dwusystemowych zestawionych z dw\u00f3ch wagon\u00f3w (wersje dwusystemowe b\u0119d\u0105 je\u017adzi\u0142y g\u0142\u00f3wnie pod ~25 kV, w rejonie Brna &#8211; zamiast serii 560 &#8211; oraz Czeskich Budziejowic &#8211; w zamian za sk\u0142ady 242+3B). Pojazdy te wraz z zakupem 31 Link\u00f3w od Pesy oraz 33 wagon\u00f3w motorowych Regio-Shuttle od Stadlera przyczyni\u0142y si\u0119 do znacznej odnowy parku taborowego \u010cD przeznaczonego do ruchu regionalnego. W przypadku prezentowanej relacji Regio Pantery niemal ca\u0142kowicie wypar\u0142y sk\u0142ady 163+3B. 2014-03-29<\/p>\n<\/div>\n","protected":false},"excerpt":{"rendered":"<p>Poci\u0105g osobowy 6831 z Mostu do D\u011b\u010d\u00edna hl.n. z\u0142apany w chwil\u0119 przed odjazdem ze stacji pocz\u0105tkowej. Na koniec serii czeskich EZT-\u00f3w taki oto powiew nowoczesno\u015bci od Vag\u00f3nky, dzia\u0142aj\u0105cej obecnie pod szyldem holdingu \u0160koda. W latach 2011-2013 zam\u00f3wiono 12 tr\u00f3jwagonowych jednostek na =3 kV (wi\u0119kszo\u015b\u0107 dla wojew\u00f3dztwa Usteckiego), 8 dwusystemowych tr\u00f3jwagonowych oraz 6 dwusystemowych zestawionych z [&hellip;]<\/p>\n","protected":false},"author":1,"featured_media":9758,"comment_status":"open","ping_status":"","sticky":false,"template":"","format":"standard","meta":{"footnotes":""},"categories":[2,48],"tags":[214,2938,91,50,49,1683,24,2939,1685,90],"class_list":["post-9757","post","type-post","status-publish","format-standard","has-post-thumbnail","hentry","category-kolej","category-rok-2014","tag-2014-03-29","tag-2938","tag-blue-hour","tag-cd","tag-czechy","tag-most-cz","tag-perony","tag-regio-panter","tag-tab-cz130","tag-wieczorem"],"_links":{"self":[{"href":"https:\/\/wgphoto.pl\/t\/index.php?rest_route=\/wp\/v2\/posts\/9757","targetHints":{"allow":["GET"]}}],"collection":[{"href":"https:\/\/wgphoto.pl\/t\/index.php?rest_route=\/wp\/v2\/posts"}],"about":[{"href":"https:\/\/wgphoto.pl\/t\/index.php?rest_route=\/wp\/v2\/types\/post"}],"author":[{"embeddable":true,"href":"https:\/\/wgphoto.pl\/t\/index.php?rest_route=\/wp\/v2\/users\/1"}],"replies":[{"embeddable":true,"href":"https:\/\/wgphoto.pl\/t\/index.php?rest_route=%2Fwp%2Fv2%2Fcomments&post=9757"}],"version-history":[{"count":1,"href":"https:\/\/wgphoto.pl\/t\/index.php?rest_route=\/wp\/v2\/posts\/9757\/revisions"}],"predecessor-version":[{"id":9759,"href":"https:\/\/wgphoto.pl\/t\/index.php?rest_route=\/wp\/v2\/posts\/9757\/revisions\/9759"}],"wp:featuredmedia":[{"embeddable":true,"href":"https:\/\/wgphoto.pl\/t\/index.php?rest_route=\/wp\/v2\/media\/9758"}],"wp:attachment":[{"href":"https:\/\/wgphoto.pl\/t\/index.php?rest_route=%2Fwp%2Fv2%2Fmedia&parent=9757"}],"wp:term":[{"taxonomy":"category","embeddable":true,"href":"https:\/\/wgphoto.pl\/t\/index.php?rest_route=%2Fwp%2Fv2%2Fcategories&post=9757"},{"taxonomy":"post_tag","embeddable":true,"href":"https:\/\/wgphoto.pl\/t\/index.php?rest_route=%2Fwp%2Fv2%2Ftags&post=9757"}],"curies":[{"name":"wp","href":"https:\/\/api.w.org\/{rel}","templated":true}]}}