{"id":9775,"date":"2025-01-15T17:39:35","date_gmt":"2025-01-15T16:39:35","guid":{"rendered":"https:\/\/wgphoto.pl\/t\/?p=9775"},"modified":"2025-01-15T17:39:35","modified_gmt":"2025-01-15T16:39:35","slug":"docasna-zastavka","status":"publish","type":"post","link":"https:\/\/wgphoto.pl\/t\/?p=9775","title":{"rendered":"Do\u010dasn\u00e1 zast\u00e1vka"},"content":{"rendered":"\n<figure class=\"wp-block-image aligncenter size-full\"><img loading=\"lazy\" decoding=\"async\" width=\"600\" height=\"900\" src=\"https:\/\/wgphoto.pl\/t\/wp-content\/uploads\/2025\/01\/IMGP3062.jpg\" alt=\"\" class=\"wp-image-9776\" srcset=\"https:\/\/wgphoto.pl\/t\/wp-content\/uploads\/2025\/01\/IMGP3062.jpg 600w, https:\/\/wgphoto.pl\/t\/wp-content\/uploads\/2025\/01\/IMGP3062-200x300.jpg 200w\" sizes=\"auto, (max-width: 600px) 100vw, 600px\" \/><\/figure>\n\n\n\n<div class=\"wp-block-group has-global-padding is-layout-constrained wp-block-group-is-layout-constrained\">\n<p>Tymczasowy s\u0142upek przystanku Byst\u0159any-\u00dapo\u0159iny dla jednej z podmiejskich linii komunikacji autobusowej w Teplicach. 29.03.2014<\/p>\n<\/div>\n","protected":false},"excerpt":{"rendered":"<p>Tymczasowy s\u0142upek przystanku Byst\u0159any-\u00dapo\u0159iny dla jednej z podmiejskich linii komunikacji autobusowej w Teplicach. 29.03.2014<\/p>\n","protected":false},"author":1,"featured_media":9776,"comment_status":"open","ping_status":"","sticky":false,"template":"","format":"standard","meta":{"footnotes":""},"categories":[220,128,48],"tags":[214,49,219,2946],"class_list":["post-9775","post","type-post","status-publish","format-standard","has-post-thumbnail","hentry","category-blo","category-pionowe","category-rok-2014","tag-2014-03-29","tag-czechy","tag-przystanek","tag-uporiny"],"_links":{"self":[{"href":"https:\/\/wgphoto.pl\/t\/index.php?rest_route=\/wp\/v2\/posts\/9775","targetHints":{"allow":["GET"]}}],"collection":[{"href":"https:\/\/wgphoto.pl\/t\/index.php?rest_route=\/wp\/v2\/posts"}],"about":[{"href":"https:\/\/wgphoto.pl\/t\/index.php?rest_route=\/wp\/v2\/types\/post"}],"author":[{"embeddable":true,"href":"https:\/\/wgphoto.pl\/t\/index.php?rest_route=\/wp\/v2\/users\/1"}],"replies":[{"embeddable":true,"href":"https:\/\/wgphoto.pl\/t\/index.php?rest_route=%2Fwp%2Fv2%2Fcomments&post=9775"}],"version-history":[{"count":1,"href":"https:\/\/wgphoto.pl\/t\/index.php?rest_route=\/wp\/v2\/posts\/9775\/revisions"}],"predecessor-version":[{"id":9777,"href":"https:\/\/wgphoto.pl\/t\/index.php?rest_route=\/wp\/v2\/posts\/9775\/revisions\/9777"}],"wp:featuredmedia":[{"embeddable":true,"href":"https:\/\/wgphoto.pl\/t\/index.php?rest_route=\/wp\/v2\/media\/9776"}],"wp:attachment":[{"href":"https:\/\/wgphoto.pl\/t\/index.php?rest_route=%2Fwp%2Fv2%2Fmedia&parent=9775"}],"wp:term":[{"taxonomy":"category","embeddable":true,"href":"https:\/\/wgphoto.pl\/t\/index.php?rest_route=%2Fwp%2Fv2%2Fcategories&post=9775"},{"taxonomy":"post_tag","embeddable":true,"href":"https:\/\/wgphoto.pl\/t\/index.php?rest_route=%2Fwp%2Fv2%2Ftags&post=9775"}],"curies":[{"name":"wp","href":"https:\/\/api.w.org\/{rel}","templated":true}]}}