{"id":9786,"date":"2025-01-15T17:54:21","date_gmt":"2025-01-15T16:54:21","guid":{"rendered":"https:\/\/wgphoto.pl\/t\/?p=9786"},"modified":"2025-01-15T17:54:21","modified_gmt":"2025-01-15T16:54:21","slug":"tarcza-podana","status":"publish","type":"post","link":"https:\/\/wgphoto.pl\/t\/?p=9786","title":{"rendered":"Tarcza podana"},"content":{"rendered":"\n<figure class=\"wp-block-image aligncenter size-full\"><img loading=\"lazy\" decoding=\"async\" width=\"1050\" height=\"700\" src=\"https:\/\/wgphoto.pl\/t\/wp-content\/uploads\/2025\/01\/IMGP3286.jpg\" alt=\"\" class=\"wp-image-9787\" srcset=\"https:\/\/wgphoto.pl\/t\/wp-content\/uploads\/2025\/01\/IMGP3286.jpg 1050w, https:\/\/wgphoto.pl\/t\/wp-content\/uploads\/2025\/01\/IMGP3286-300x200.jpg 300w, https:\/\/wgphoto.pl\/t\/wp-content\/uploads\/2025\/01\/IMGP3286-768x512.jpg 768w\" sizes=\"auto, (max-width: 1050px) 100vw, 1050px\" \/><\/figure>\n\n\n\n<div class=\"wp-block-group has-global-padding is-layout-constrained wp-block-group-is-layout-constrained\">\n<p>Poci\u0105g osobowy 19715 z Rakovn\u00edka do Kladna min\u0105\u0142 tarcz\u0119 ostrzegawcz\u0105 odnosz\u0105c\u0105 si\u0119 do semafora posterunku odst\u0119powego Ka\u010dice. Czeskie przepisy dotycz\u0105ce sygnalizacji rozr\u00f3\u017cniaj\u0105 wska\u017aniki stawiane przy tarczach semafor\u00f3w wjazdowych (jednakowe jak w Polsce) oraz wska\u017aniki przy tarczach posterunk\u00f3w odst\u0119powych (jak na zdj\u0119ciu). Jaki jest sens rozr\u00f3\u017cniania jednych i drugich &#8211; nie wiem. 30.03.2014<\/p>\n<\/div>\n","protected":false},"excerpt":{"rendered":"<p>Poci\u0105g osobowy 19715 z Rakovn\u00edka do Kladna min\u0105\u0142 tarcz\u0119 ostrzegawcz\u0105 odnosz\u0105c\u0105 si\u0119 do semafora posterunku odst\u0119powego Ka\u010dice. Czeskie przepisy dotycz\u0105ce sygnalizacji rozr\u00f3\u017cniaj\u0105 wska\u017aniki stawiane przy tarczach semafor\u00f3w wjazdowych (jednakowe jak w Polsce) oraz wska\u017aniki przy tarczach posterunk\u00f3w odst\u0119powych (jak na zdj\u0119ciu). Jaki jest sens rozr\u00f3\u017cniania jednych i drugich &#8211; nie wiem. 30.03.2014<\/p>\n","protected":false},"author":1,"featured_media":9787,"comment_status":"open","ping_status":"","sticky":false,"template":"","format":"standard","meta":{"footnotes":""},"categories":[2,48],"tags":[2066,211,50,49,2950,173,2949,53,700],"class_list":["post-9786","post","type-post","status-publish","format-standard","has-post-thumbnail","hentry","category-kolej","category-rok-2014","tag-2014-03-30","tag-211","tag-cd","tag-czechy","tag-kacice","tag-koncowki","tag-stochov","tag-sygnalizacja-ksztaltowa","tag-tab-cz120"],"_links":{"self":[{"href":"https:\/\/wgphoto.pl\/t\/index.php?rest_route=\/wp\/v2\/posts\/9786","targetHints":{"allow":["GET"]}}],"collection":[{"href":"https:\/\/wgphoto.pl\/t\/index.php?rest_route=\/wp\/v2\/posts"}],"about":[{"href":"https:\/\/wgphoto.pl\/t\/index.php?rest_route=\/wp\/v2\/types\/post"}],"author":[{"embeddable":true,"href":"https:\/\/wgphoto.pl\/t\/index.php?rest_route=\/wp\/v2\/users\/1"}],"replies":[{"embeddable":true,"href":"https:\/\/wgphoto.pl\/t\/index.php?rest_route=%2Fwp%2Fv2%2Fcomments&post=9786"}],"version-history":[{"count":1,"href":"https:\/\/wgphoto.pl\/t\/index.php?rest_route=\/wp\/v2\/posts\/9786\/revisions"}],"predecessor-version":[{"id":9788,"href":"https:\/\/wgphoto.pl\/t\/index.php?rest_route=\/wp\/v2\/posts\/9786\/revisions\/9788"}],"wp:featuredmedia":[{"embeddable":true,"href":"https:\/\/wgphoto.pl\/t\/index.php?rest_route=\/wp\/v2\/media\/9787"}],"wp:attachment":[{"href":"https:\/\/wgphoto.pl\/t\/index.php?rest_route=%2Fwp%2Fv2%2Fmedia&parent=9786"}],"wp:term":[{"taxonomy":"category","embeddable":true,"href":"https:\/\/wgphoto.pl\/t\/index.php?rest_route=%2Fwp%2Fv2%2Fcategories&post=9786"},{"taxonomy":"post_tag","embeddable":true,"href":"https:\/\/wgphoto.pl\/t\/index.php?rest_route=%2Fwp%2Fv2%2Ftags&post=9786"}],"curies":[{"name":"wp","href":"https:\/\/api.w.org\/{rel}","templated":true}]}}