{"id":9831,"date":"2025-01-15T18:09:01","date_gmt":"2025-01-15T17:09:01","guid":{"rendered":"https:\/\/wgphoto.pl\/t\/?p=9831"},"modified":"2025-01-15T18:09:01","modified_gmt":"2025-01-15T17:09:01","slug":"skalice-nad-svitavou","status":"publish","type":"post","link":"https:\/\/wgphoto.pl\/t\/?p=9831","title":{"rendered":"Skalice nad Svitavou"},"content":{"rendered":"\n<figure class=\"wp-block-image aligncenter size-full\"><img loading=\"lazy\" decoding=\"async\" width=\"1050\" height=\"700\" src=\"https:\/\/wgphoto.pl\/t\/wp-content\/uploads\/2025\/01\/IMGP4833-1.jpg\" alt=\"\" class=\"wp-image-9832\" srcset=\"https:\/\/wgphoto.pl\/t\/wp-content\/uploads\/2025\/01\/IMGP4833-1.jpg 1050w, https:\/\/wgphoto.pl\/t\/wp-content\/uploads\/2025\/01\/IMGP4833-1-300x200.jpg 300w, https:\/\/wgphoto.pl\/t\/wp-content\/uploads\/2025\/01\/IMGP4833-1-768x512.jpg 768w\" sizes=\"auto, (max-width: 1050px) 100vw, 1050px\" \/><\/figure>\n\n\n\n<div class=\"wp-block-group has-global-padding is-layout-constrained wp-block-group-is-layout-constrained\">\n<p>Poci\u0105g osobowy 4755 do Brna-\u017didenic (skr\u00f3cona relacja z powodu rob\u00f3t torowych w rejonie Brna hl.n., zast\u0105piona na odcinku Brno-\u017didenice &#8211; Brno hl.n. zast\u0119pcz\u0105 komunikacj\u0105\u2026 tramwajow\u0105) oczekuje pory odjazdu ze Skalicy nad Svitav\u0105. Jednostki serii 560 by\u0142y do niedawna jedynymi w Czechach przystosowanymi do jazdy pod napi\u0119ciem ~25 kV. Tytu\u0142owa stacja za\u015b jest typowym przyk\u0142adem wyst\u0119powania niskich peron\u00f3w po stronie budynku dworcowego oraz peronu wysokiego z bezkolizyjnym doj\u015bciem za torami szlakowymi (3. i 4. od prawa licz\u0105c). 15.07.2013<\/p>\n<\/div>\n","protected":false},"excerpt":{"rendered":"<p>Poci\u0105g osobowy 4755 do Brna-\u017didenic (skr\u00f3cona relacja z powodu rob\u00f3t torowych w rejonie Brna hl.n., zast\u0105piona na odcinku Brno-\u017didenice &#8211; Brno hl.n. zast\u0119pcz\u0105 komunikacj\u0105\u2026 tramwajow\u0105) oczekuje pory odjazdu ze Skalicy nad Svitav\u0105. Jednostki serii 560 by\u0142y do niedawna jedynymi w Czechach przystosowanymi do jazdy pod napi\u0119ciem ~25 kV. Tytu\u0142owa stacja za\u015b jest typowym przyk\u0142adem wyst\u0119powania [&hellip;]<\/p>\n","protected":false},"author":1,"featured_media":9832,"comment_status":"open","ping_status":"","sticky":false,"template":"","format":"standard","meta":{"footnotes":""},"categories":[2,55],"tags":[816,885,50,49,2958,884],"class_list":["post-9831","post","type-post","status-publish","format-standard","has-post-thumbnail","hentry","category-kolej","category-rok-2013","tag-2013-07-15","tag-885","tag-cd","tag-czechy","tag-skalice-nad-svitavou","tag-tab-cz260"],"_links":{"self":[{"href":"https:\/\/wgphoto.pl\/t\/index.php?rest_route=\/wp\/v2\/posts\/9831","targetHints":{"allow":["GET"]}}],"collection":[{"href":"https:\/\/wgphoto.pl\/t\/index.php?rest_route=\/wp\/v2\/posts"}],"about":[{"href":"https:\/\/wgphoto.pl\/t\/index.php?rest_route=\/wp\/v2\/types\/post"}],"author":[{"embeddable":true,"href":"https:\/\/wgphoto.pl\/t\/index.php?rest_route=\/wp\/v2\/users\/1"}],"replies":[{"embeddable":true,"href":"https:\/\/wgphoto.pl\/t\/index.php?rest_route=%2Fwp%2Fv2%2Fcomments&post=9831"}],"version-history":[{"count":1,"href":"https:\/\/wgphoto.pl\/t\/index.php?rest_route=\/wp\/v2\/posts\/9831\/revisions"}],"predecessor-version":[{"id":9833,"href":"https:\/\/wgphoto.pl\/t\/index.php?rest_route=\/wp\/v2\/posts\/9831\/revisions\/9833"}],"wp:featuredmedia":[{"embeddable":true,"href":"https:\/\/wgphoto.pl\/t\/index.php?rest_route=\/wp\/v2\/media\/9832"}],"wp:attachment":[{"href":"https:\/\/wgphoto.pl\/t\/index.php?rest_route=%2Fwp%2Fv2%2Fmedia&parent=9831"}],"wp:term":[{"taxonomy":"category","embeddable":true,"href":"https:\/\/wgphoto.pl\/t\/index.php?rest_route=%2Fwp%2Fv2%2Fcategories&post=9831"},{"taxonomy":"post_tag","embeddable":true,"href":"https:\/\/wgphoto.pl\/t\/index.php?rest_route=%2Fwp%2Fv2%2Ftags&post=9831"}],"curies":[{"name":"wp","href":"https:\/\/api.w.org\/{rel}","templated":true}]}}