{"id":9834,"date":"2025-01-15T18:10:19","date_gmt":"2025-01-15T17:10:19","guid":{"rendered":"https:\/\/wgphoto.pl\/t\/?p=9834"},"modified":"2025-01-15T23:41:03","modified_gmt":"2025-01-15T22:41:03","slug":"sterowniczy-nad-laba","status":"publish","type":"post","link":"https:\/\/wgphoto.pl\/t\/?p=9834","title":{"rendered":"Sterowniczy nad \u0141ab\u0105"},"content":{"rendered":"\n<figure class=\"wp-block-image aligncenter size-full\"><img loading=\"lazy\" decoding=\"async\" width=\"1400\" height=\"927\" src=\"https:\/\/wgphoto.pl\/t\/wp-content\/uploads\/2025\/01\/IMGP3142.jpg\" alt=\"\" class=\"wp-image-9862\" srcset=\"https:\/\/wgphoto.pl\/t\/wp-content\/uploads\/2025\/01\/IMGP3142.jpg 1400w, https:\/\/wgphoto.pl\/t\/wp-content\/uploads\/2025\/01\/IMGP3142-300x199.jpg 300w, https:\/\/wgphoto.pl\/t\/wp-content\/uploads\/2025\/01\/IMGP3142-768x509.jpg 768w\" sizes=\"auto, (max-width: 1400px) 100vw, 1400px\" \/><\/figure>\n\n\n\n<div class=\"wp-block-group has-global-padding is-layout-constrained wp-block-group-is-layout-constrained\">\n<p>Poci\u0105g pospieszny 786 z Kol\u00edna do \u00dast\u00ed nad Labem z\u00e1pad, kt\u00f3remu mocy udziela maszyna 163 094 w malowaniu reklamowym, minie za chwil\u0119 niewidoczne w kadrze semafory wjazdowe stacji docelowej. Relacja ta wykorzystuje prawobrze\u017cn\u0105 wzgl\u0119dem \u0141aby tras\u0119 omijaj\u0105c\u0105 Prag\u0119, dlatego te\u017c sk\u0142ady poci\u0105g\u00f3w nie s\u0105 tu zbyt okaza\u0142e. Za to ruch towarowy jest bardzo du\u017cy. 29.03.2014<\/p>\n<\/div>\n","protected":false},"excerpt":{"rendered":"<p>Poci\u0105g pospieszny 786 z Kol\u00edna do \u00dast\u00ed nad Labem z\u00e1pad, kt\u00f3remu mocy udziela maszyna 163 094 w malowaniu reklamowym, minie za chwil\u0119 niewidoczne w kadrze semafory wjazdowe stacji docelowej. Relacja ta wykorzystuje prawobrze\u017cn\u0105 wzgl\u0119dem \u0141aby tras\u0119 omijaj\u0105c\u0105 Prag\u0119, dlatego te\u017c sk\u0142ady poci\u0105g\u00f3w nie s\u0105 tu zbyt okaza\u0142e. Za to ruch towarowy jest bardzo du\u017cy. 29.03.2014<\/p>\n","protected":false},"author":1,"featured_media":9862,"comment_status":"open","ping_status":"","sticky":false,"template":"","format":"standard","meta":{"footnotes":""},"categories":[2,48],"tags":[214,49,113,45,73,2843,2959,2960,1869],"class_list":["post-9834","post","type-post","status-publish","format-standard","has-post-thumbnail","hentry","category-kolej","category-rok-2014","tag-2014-03-29","tag-czechy","tag-landszaft","tag-most","tag-rzeka","tag-tab-cz072","tag-usti-nad-labem-zapad","tag-usti-nad-labem-strekov","tag-wagon-sterowniczy"],"_links":{"self":[{"href":"https:\/\/wgphoto.pl\/t\/index.php?rest_route=\/wp\/v2\/posts\/9834","targetHints":{"allow":["GET"]}}],"collection":[{"href":"https:\/\/wgphoto.pl\/t\/index.php?rest_route=\/wp\/v2\/posts"}],"about":[{"href":"https:\/\/wgphoto.pl\/t\/index.php?rest_route=\/wp\/v2\/types\/post"}],"author":[{"embeddable":true,"href":"https:\/\/wgphoto.pl\/t\/index.php?rest_route=\/wp\/v2\/users\/1"}],"replies":[{"embeddable":true,"href":"https:\/\/wgphoto.pl\/t\/index.php?rest_route=%2Fwp%2Fv2%2Fcomments&post=9834"}],"version-history":[{"count":2,"href":"https:\/\/wgphoto.pl\/t\/index.php?rest_route=\/wp\/v2\/posts\/9834\/revisions"}],"predecessor-version":[{"id":9863,"href":"https:\/\/wgphoto.pl\/t\/index.php?rest_route=\/wp\/v2\/posts\/9834\/revisions\/9863"}],"wp:featuredmedia":[{"embeddable":true,"href":"https:\/\/wgphoto.pl\/t\/index.php?rest_route=\/wp\/v2\/media\/9862"}],"wp:attachment":[{"href":"https:\/\/wgphoto.pl\/t\/index.php?rest_route=%2Fwp%2Fv2%2Fmedia&parent=9834"}],"wp:term":[{"taxonomy":"category","embeddable":true,"href":"https:\/\/wgphoto.pl\/t\/index.php?rest_route=%2Fwp%2Fv2%2Fcategories&post=9834"},{"taxonomy":"post_tag","embeddable":true,"href":"https:\/\/wgphoto.pl\/t\/index.php?rest_route=%2Fwp%2Fv2%2Ftags&post=9834"}],"curies":[{"name":"wp","href":"https:\/\/api.w.org\/{rel}","templated":true}]}}