{"id":9837,"date":"2025-01-15T18:11:35","date_gmt":"2025-01-15T17:11:35","guid":{"rendered":"https:\/\/wgphoto.pl\/t\/?p=9837"},"modified":"2025-01-15T23:40:24","modified_gmt":"2025-01-15T22:40:24","slug":"bohaterowie-drugiego-planu","status":"publish","type":"post","link":"https:\/\/wgphoto.pl\/t\/?p=9837","title":{"rendered":"Bohaterowie drugiego planu"},"content":{"rendered":"\n<figure class=\"wp-block-image aligncenter size-full\"><img loading=\"lazy\" decoding=\"async\" width=\"1400\" height=\"927\" src=\"https:\/\/wgphoto.pl\/t\/wp-content\/uploads\/2025\/01\/IMGP3120.jpg\" alt=\"\" class=\"wp-image-9860\" srcset=\"https:\/\/wgphoto.pl\/t\/wp-content\/uploads\/2025\/01\/IMGP3120.jpg 1400w, https:\/\/wgphoto.pl\/t\/wp-content\/uploads\/2025\/01\/IMGP3120-300x199.jpg 300w, https:\/\/wgphoto.pl\/t\/wp-content\/uploads\/2025\/01\/IMGP3120-768x509.jpg 768w\" sizes=\"auto, (max-width: 1400px) 100vw, 1400px\" \/><\/figure>\n\n\n\n<div class=\"wp-block-group has-global-padding is-layout-constrained wp-block-group-is-layout-constrained\">\n<p>\u00dast\u00ed nad Labem hl.n. Rychlik 604 &#8222;Salubia&#8221; relacji Praha hl.n. &#8211; Cheb wyrusza w dalsz\u0105 drog\u0119 po 6-minutowym postoju spo\u017cytkowanym na zmian\u0119 czo\u0142a po\u0142\u0105czon\u0105 ze zmian\u0105 lokomotywy z jednosystemowej na dwusystemow\u0105. W tym samym czasie po torze przy peronie trzecim przelatuje brutto jad\u0105ce magistral\u0105 D\u011b\u010d\u00edn &#8211; Praga. M\u00f3wi\u0105c o bohaterach drugiego planu mam na my\u015bli wie\u017cowce za\u0142apuj\u0105ce si\u0119 w kadr po zmniejszeniu ogniskowej. 29.03.2014<\/p>\n<\/div>\n","protected":false},"excerpt":{"rendered":"<p>\u00dast\u00ed nad Labem hl.n. Rychlik 604 &#8222;Salubia&#8221; relacji Praha hl.n. &#8211; Cheb wyrusza w dalsz\u0105 drog\u0119 po 6-minutowym postoju spo\u017cytkowanym na zmian\u0119 czo\u0142a po\u0142\u0105czon\u0105 ze zmian\u0105 lokomotywy z jednosystemowej na dwusystemow\u0105. W tym samym czasie po torze przy peronie trzecim przelatuje brutto jad\u0105ce magistral\u0105 D\u011b\u010d\u00edn &#8211; Praga. M\u00f3wi\u0105c o bohaterach drugiego planu mam na my\u015bli [&hellip;]<\/p>\n","protected":false},"author":1,"featured_media":9860,"comment_status":"open","ping_status":"","sticky":false,"template":"","format":"standard","meta":{"footnotes":""},"categories":[2,48],"tags":[214,1362,50,49,113,1685,350],"class_list":["post-9837","post","type-post","status-publish","format-standard","has-post-thumbnail","hentry","category-kolej","category-rok-2014","tag-2014-03-29","tag-1362","tag-cd","tag-czechy","tag-landszaft","tag-tab-cz130","tag-usti-nad-labem-hlavni-nadrazi"],"_links":{"self":[{"href":"https:\/\/wgphoto.pl\/t\/index.php?rest_route=\/wp\/v2\/posts\/9837","targetHints":{"allow":["GET"]}}],"collection":[{"href":"https:\/\/wgphoto.pl\/t\/index.php?rest_route=\/wp\/v2\/posts"}],"about":[{"href":"https:\/\/wgphoto.pl\/t\/index.php?rest_route=\/wp\/v2\/types\/post"}],"author":[{"embeddable":true,"href":"https:\/\/wgphoto.pl\/t\/index.php?rest_route=\/wp\/v2\/users\/1"}],"replies":[{"embeddable":true,"href":"https:\/\/wgphoto.pl\/t\/index.php?rest_route=%2Fwp%2Fv2%2Fcomments&post=9837"}],"version-history":[{"count":2,"href":"https:\/\/wgphoto.pl\/t\/index.php?rest_route=\/wp\/v2\/posts\/9837\/revisions"}],"predecessor-version":[{"id":9861,"href":"https:\/\/wgphoto.pl\/t\/index.php?rest_route=\/wp\/v2\/posts\/9837\/revisions\/9861"}],"wp:featuredmedia":[{"embeddable":true,"href":"https:\/\/wgphoto.pl\/t\/index.php?rest_route=\/wp\/v2\/media\/9860"}],"wp:attachment":[{"href":"https:\/\/wgphoto.pl\/t\/index.php?rest_route=%2Fwp%2Fv2%2Fmedia&parent=9837"}],"wp:term":[{"taxonomy":"category","embeddable":true,"href":"https:\/\/wgphoto.pl\/t\/index.php?rest_route=%2Fwp%2Fv2%2Fcategories&post=9837"},{"taxonomy":"post_tag","embeddable":true,"href":"https:\/\/wgphoto.pl\/t\/index.php?rest_route=%2Fwp%2Fv2%2Ftags&post=9837"}],"curies":[{"name":"wp","href":"https:\/\/api.w.org\/{rel}","templated":true}]}}