{"id":9840,"date":"2025-01-15T18:12:31","date_gmt":"2025-01-15T17:12:31","guid":{"rendered":"https:\/\/wgphoto.pl\/t\/?p=9840"},"modified":"2025-01-15T23:39:45","modified_gmt":"2025-01-15T22:39:45","slug":"koszmar-projektanta","status":"publish","type":"post","link":"https:\/\/wgphoto.pl\/t\/?p=9840","title":{"rendered":"Koszmar projektanta"},"content":{"rendered":"\n<figure class=\"wp-block-image aligncenter size-full\"><img loading=\"lazy\" decoding=\"async\" width=\"1400\" height=\"927\" src=\"https:\/\/wgphoto.pl\/t\/wp-content\/uploads\/2025\/01\/IMGP3138.jpg\" alt=\"\" class=\"wp-image-9858\" srcset=\"https:\/\/wgphoto.pl\/t\/wp-content\/uploads\/2025\/01\/IMGP3138.jpg 1400w, https:\/\/wgphoto.pl\/t\/wp-content\/uploads\/2025\/01\/IMGP3138-300x199.jpg 300w, https:\/\/wgphoto.pl\/t\/wp-content\/uploads\/2025\/01\/IMGP3138-768x509.jpg 768w\" sizes=\"auto, (max-width: 1400px) 100vw, 1400px\" \/><\/figure>\n\n\n\n<div class=\"wp-block-group has-global-padding is-layout-constrained wp-block-group-is-layout-constrained\">\n<p>Kontenery jad\u0105ce z Niemiec wg\u0142\u0105b Czech mijaj\u0105 perony dworca g\u0142\u00f3wnego w \u00dast\u00ed nad Labem z Bastardem 372.010 na czele. Nie wyobra\u017cam sobie tak ciasnej stacji w Polsce bior\u0105c pod uwag\u0119 niech\u0119\u0107 rodzimych projektant\u00f3w do rozjazd\u00f3w po\u0142o\u017conych w \u0142uku oraz uk\u0142ad\u00f3w torowych, kt\u00f3rych nie mo\u017cna narysowa\u0107 od linijki. Warto zwr\u00f3ci\u0107 uwag\u0119 na jeden strategiczny rozjazd przy wje\u017adzie na tor drugi, wykorzystywany przez poci\u0105gi jad\u0105ce z Pragi do Chebu i z powrotem. U do\u0142u kadru widoczne s\u0105 natomiast tory kr\u00f3tkiego szlaku \u00dast\u00ed nad Labem-St\u0159ekov &#8211; \u00dast\u00ed nad Labem z\u00e1pad, po\u0142o\u017conego w znacznej mierze na mo\u015bcie, kt\u00f3ry zaprezentuj\u0119 tu szerzej wkr\u00f3tce. 29.03.2014<\/p>\n<\/div>\n","protected":false},"excerpt":{"rendered":"<p>Kontenery jad\u0105ce z Niemiec wg\u0142\u0105b Czech mijaj\u0105 perony dworca g\u0142\u00f3wnego w \u00dast\u00ed nad Labem z Bastardem 372.010 na czele. Nie wyobra\u017cam sobie tak ciasnej stacji w Polsce bior\u0105c pod uwag\u0119 niech\u0119\u0107 rodzimych projektant\u00f3w do rozjazd\u00f3w po\u0142o\u017conych w \u0142uku oraz uk\u0142ad\u00f3w torowych, kt\u00f3rych nie mo\u017cna narysowa\u0107 od linijki. Warto zwr\u00f3ci\u0107 uwag\u0119 na jeden strategiczny rozjazd przy [&hellip;]<\/p>\n","protected":false},"author":1,"featured_media":9858,"comment_status":"open","ping_status":"","sticky":false,"template":"","format":"standard","meta":{"footnotes":""},"categories":[2,48],"tags":[214,2966,50,49,349,350],"class_list":["post-9840","post","type-post","status-publish","format-standard","has-post-thumbnail","hentry","category-kolej","category-rok-2014","tag-2014-03-29","tag-2966","tag-cd","tag-czechy","tag-tab-cz090","tag-usti-nad-labem-hlavni-nadrazi"],"_links":{"self":[{"href":"https:\/\/wgphoto.pl\/t\/index.php?rest_route=\/wp\/v2\/posts\/9840","targetHints":{"allow":["GET"]}}],"collection":[{"href":"https:\/\/wgphoto.pl\/t\/index.php?rest_route=\/wp\/v2\/posts"}],"about":[{"href":"https:\/\/wgphoto.pl\/t\/index.php?rest_route=\/wp\/v2\/types\/post"}],"author":[{"embeddable":true,"href":"https:\/\/wgphoto.pl\/t\/index.php?rest_route=\/wp\/v2\/users\/1"}],"replies":[{"embeddable":true,"href":"https:\/\/wgphoto.pl\/t\/index.php?rest_route=%2Fwp%2Fv2%2Fcomments&post=9840"}],"version-history":[{"count":3,"href":"https:\/\/wgphoto.pl\/t\/index.php?rest_route=\/wp\/v2\/posts\/9840\/revisions"}],"predecessor-version":[{"id":9859,"href":"https:\/\/wgphoto.pl\/t\/index.php?rest_route=\/wp\/v2\/posts\/9840\/revisions\/9859"}],"wp:featuredmedia":[{"embeddable":true,"href":"https:\/\/wgphoto.pl\/t\/index.php?rest_route=\/wp\/v2\/media\/9858"}],"wp:attachment":[{"href":"https:\/\/wgphoto.pl\/t\/index.php?rest_route=%2Fwp%2Fv2%2Fmedia&parent=9840"}],"wp:term":[{"taxonomy":"category","embeddable":true,"href":"https:\/\/wgphoto.pl\/t\/index.php?rest_route=%2Fwp%2Fv2%2Fcategories&post=9840"},{"taxonomy":"post_tag","embeddable":true,"href":"https:\/\/wgphoto.pl\/t\/index.php?rest_route=%2Fwp%2Fv2%2Ftags&post=9840"}],"curies":[{"name":"wp","href":"https:\/\/api.w.org\/{rel}","templated":true}]}}