{"id":9843,"date":"2025-01-15T18:13:37","date_gmt":"2025-01-15T17:13:37","guid":{"rendered":"https:\/\/wgphoto.pl\/t\/?p=9843"},"modified":"2025-01-15T23:38:58","modified_gmt":"2025-01-15T22:38:58","slug":"motorak-w-parku-zdrojowym","status":"publish","type":"post","link":"https:\/\/wgphoto.pl\/t\/?p=9843","title":{"rendered":"Motorak w parku zdrojowym"},"content":{"rendered":"\n<figure class=\"wp-block-image aligncenter size-full\"><img loading=\"lazy\" decoding=\"async\" width=\"1400\" height=\"927\" src=\"https:\/\/wgphoto.pl\/t\/wp-content\/uploads\/2025\/01\/IMGP3225.jpg\" alt=\"\" class=\"wp-image-9856\" srcset=\"https:\/\/wgphoto.pl\/t\/wp-content\/uploads\/2025\/01\/IMGP3225.jpg 1400w, https:\/\/wgphoto.pl\/t\/wp-content\/uploads\/2025\/01\/IMGP3225-300x199.jpg 300w, https:\/\/wgphoto.pl\/t\/wp-content\/uploads\/2025\/01\/IMGP3225-768x509.jpg 768w\" sizes=\"auto, (max-width: 1400px) 100vw, 1400px\" \/><\/figure>\n\n\n\n<div class=\"wp-block-group has-global-padding is-layout-constrained wp-block-group-is-layout-constrained\">\n<p>813.101 jako poci\u0105g osobowy 7103 relacji Karlovy Vary doln\u00ed n\u00e1dra\u017e\u00ed &#8211; Mari\u00e1nsk\u00e9 L\u00e1zn\u011b pokonuje most nad parkiem zdrojowym w Maria\u0144skich \u0141a\u017aniach. Prezentowany pojazd jest odpowiedzi\u0105 prywaciarza na regionov\u0119 \u010cesk\u00fdch Drah, wyr\u00f3\u017cniaj\u0105c\u0105 si\u0119 nie tylko fabrycznymi \u015bcianami czo\u0142owymi, ale te\u017c nieco inaczej zorganizowanym wn\u0119trzem, zaaran\u017cowanym \u0142adnie lecz dyskusyjnie (np. wieszaki na rowery znajduj\u0105 si\u0119 praktycznie w przej\u015bciu mi\u0119dzywagonowym i s\u0105 dost\u0119pne przez w\u0105skie drzwi na poziomie wysokiej pod\u0142ogi, co wstawiania ko\u0142a raczej nie u\u0142atwia). 30.03.2014<\/p>\n<\/div>\n","protected":false},"excerpt":{"rendered":"<p>813.101 jako poci\u0105g osobowy 7103 relacji Karlovy Vary doln\u00ed n\u00e1dra\u017e\u00ed &#8211; Mari\u00e1nsk\u00e9 L\u00e1zn\u011b pokonuje most nad parkiem zdrojowym w Maria\u0144skich \u0141a\u017aniach. Prezentowany pojazd jest odpowiedzi\u0105 prywaciarza na regionov\u0119 \u010cesk\u00fdch Drah, wyr\u00f3\u017cniaj\u0105c\u0105 si\u0119 nie tylko fabrycznymi \u015bcianami czo\u0142owymi, ale te\u017c nieco inaczej zorganizowanym wn\u0119trzem, zaaran\u017cowanym \u0142adnie lecz dyskusyjnie (np. wieszaki na rowery znajduj\u0105 si\u0119 praktycznie w [&hellip;]<\/p>\n","protected":false},"author":1,"featured_media":9856,"comment_status":"open","ping_status":"","sticky":false,"template":"","format":"standard","meta":{"footnotes":""},"categories":[2,48],"tags":[2066,2961,49,933,196,2963,45,2962],"class_list":["post-9843","post","type-post","status-publish","format-standard","has-post-thumbnail","hentry","category-kolej","category-rok-2014","tag-2014-03-30","tag-2961","tag-czechy","tag-gwtr","tag-linie-raczej-lokalne","tag-marianske-lazne-mesto","tag-most","tag-tab-cz149"],"_links":{"self":[{"href":"https:\/\/wgphoto.pl\/t\/index.php?rest_route=\/wp\/v2\/posts\/9843","targetHints":{"allow":["GET"]}}],"collection":[{"href":"https:\/\/wgphoto.pl\/t\/index.php?rest_route=\/wp\/v2\/posts"}],"about":[{"href":"https:\/\/wgphoto.pl\/t\/index.php?rest_route=\/wp\/v2\/types\/post"}],"author":[{"embeddable":true,"href":"https:\/\/wgphoto.pl\/t\/index.php?rest_route=\/wp\/v2\/users\/1"}],"replies":[{"embeddable":true,"href":"https:\/\/wgphoto.pl\/t\/index.php?rest_route=%2Fwp%2Fv2%2Fcomments&post=9843"}],"version-history":[{"count":2,"href":"https:\/\/wgphoto.pl\/t\/index.php?rest_route=\/wp\/v2\/posts\/9843\/revisions"}],"predecessor-version":[{"id":9857,"href":"https:\/\/wgphoto.pl\/t\/index.php?rest_route=\/wp\/v2\/posts\/9843\/revisions\/9857"}],"wp:featuredmedia":[{"embeddable":true,"href":"https:\/\/wgphoto.pl\/t\/index.php?rest_route=\/wp\/v2\/media\/9856"}],"wp:attachment":[{"href":"https:\/\/wgphoto.pl\/t\/index.php?rest_route=%2Fwp%2Fv2%2Fmedia&parent=9843"}],"wp:term":[{"taxonomy":"category","embeddable":true,"href":"https:\/\/wgphoto.pl\/t\/index.php?rest_route=%2Fwp%2Fv2%2Fcategories&post=9843"},{"taxonomy":"post_tag","embeddable":true,"href":"https:\/\/wgphoto.pl\/t\/index.php?rest_route=%2Fwp%2Fv2%2Ftags&post=9843"}],"curies":[{"name":"wp","href":"https:\/\/api.w.org\/{rel}","templated":true}]}}