{"id":9846,"date":"2025-01-15T18:14:48","date_gmt":"2025-01-15T17:14:48","guid":{"rendered":"https:\/\/wgphoto.pl\/t\/?p=9846"},"modified":"2025-01-15T18:14:48","modified_gmt":"2025-01-15T17:14:48","slug":"poranne-regionovy-we-mgle","status":"publish","type":"post","link":"https:\/\/wgphoto.pl\/t\/?p=9846","title":{"rendered":"Poranne regionovy we mgle"},"content":{"rendered":"\n<figure class=\"wp-block-image aligncenter size-full\"><img loading=\"lazy\" decoding=\"async\" width=\"1050\" height=\"700\" src=\"https:\/\/wgphoto.pl\/t\/wp-content\/uploads\/2025\/01\/IMGP3183.jpg\" alt=\"\" class=\"wp-image-9847\" srcset=\"https:\/\/wgphoto.pl\/t\/wp-content\/uploads\/2025\/01\/IMGP3183.jpg 1050w, https:\/\/wgphoto.pl\/t\/wp-content\/uploads\/2025\/01\/IMGP3183-300x200.jpg 300w, https:\/\/wgphoto.pl\/t\/wp-content\/uploads\/2025\/01\/IMGP3183-768x512.jpg 768w\" sizes=\"auto, (max-width: 1050px) 100vw, 1050px\" \/><\/figure>\n\n\n\n<div class=\"wp-block-group has-global-padding is-layout-constrained wp-block-group-is-layout-constrained\">\n<p>Kada\u0148-Prun\u00e9\u0159ov. Dwie regionovy z\u0142apane na stacji po\u0142o\u017conej w cieniu elektrowni, gdzie spalany jest w\u0119giel brunatny pochodz\u0105cy z pobliskich odkrywek. Pojazd po lewej, obs\u0142uguj\u0105cy kurs 7085 relacji Kl\u00e1\u0161terec nad Oh\u0159\u00ed &#8211; Chomutov, odjedzie za chwil\u0119 po kr\u00f3tkim postoju w dalsz\u0105 drog\u0119, prawy za\u015b wr\u00f3ci do Kadan\u011b p\u0159edm\u011bst\u00ed jako Os 17680 za kilka minut &#8211; jak tylko przyb\u0119dzie poci\u0105g z \u00dast\u00ed n.L. do Chebu, kt\u00f3rym zabior\u0119 si\u0119 w dalsz\u0105 drog\u0119. 30.03.2014<\/p>\n<\/div>\n","protected":false},"excerpt":{"rendered":"<p>Kada\u0148-Prun\u00e9\u0159ov. Dwie regionovy z\u0142apane na stacji po\u0142o\u017conej w cieniu elektrowni, gdzie spalany jest w\u0119giel brunatny pochodz\u0105cy z pobliskich odkrywek. Pojazd po lewej, obs\u0142uguj\u0105cy kurs 7085 relacji Kl\u00e1\u0161terec nad Oh\u0159\u00ed &#8211; Chomutov, odjedzie za chwil\u0119 po kr\u00f3tkim postoju w dalsz\u0105 drog\u0119, prawy za\u015b wr\u00f3ci do Kadan\u011b p\u0159edm\u011bst\u00ed jako Os 17680 za kilka minut &#8211; jak tylko [&hellip;]<\/p>\n","protected":false},"author":1,"featured_media":9847,"comment_status":"open","ping_status":"","sticky":false,"template":"","format":"standard","meta":{"footnotes":""},"categories":[2,48],"tags":[2066,211,91,49,303,2964,173,821,176,1685,2965,421],"class_list":["post-9846","post","type-post","status-publish","format-standard","has-post-thumbnail","hentry","category-kolej","category-rok-2014","tag-2014-03-30","tag-211","tag-blue-hour","tag-czechy","tag-industrial","tag-kadan-prunerov","tag-koncowki","tag-mgla","tag-rano","tag-tab-cz130","tag-tab-cz132","tag-tab-cz140"],"_links":{"self":[{"href":"https:\/\/wgphoto.pl\/t\/index.php?rest_route=\/wp\/v2\/posts\/9846","targetHints":{"allow":["GET"]}}],"collection":[{"href":"https:\/\/wgphoto.pl\/t\/index.php?rest_route=\/wp\/v2\/posts"}],"about":[{"href":"https:\/\/wgphoto.pl\/t\/index.php?rest_route=\/wp\/v2\/types\/post"}],"author":[{"embeddable":true,"href":"https:\/\/wgphoto.pl\/t\/index.php?rest_route=\/wp\/v2\/users\/1"}],"replies":[{"embeddable":true,"href":"https:\/\/wgphoto.pl\/t\/index.php?rest_route=%2Fwp%2Fv2%2Fcomments&post=9846"}],"version-history":[{"count":1,"href":"https:\/\/wgphoto.pl\/t\/index.php?rest_route=\/wp\/v2\/posts\/9846\/revisions"}],"predecessor-version":[{"id":9848,"href":"https:\/\/wgphoto.pl\/t\/index.php?rest_route=\/wp\/v2\/posts\/9846\/revisions\/9848"}],"wp:featuredmedia":[{"embeddable":true,"href":"https:\/\/wgphoto.pl\/t\/index.php?rest_route=\/wp\/v2\/media\/9847"}],"wp:attachment":[{"href":"https:\/\/wgphoto.pl\/t\/index.php?rest_route=%2Fwp%2Fv2%2Fmedia&parent=9846"}],"wp:term":[{"taxonomy":"category","embeddable":true,"href":"https:\/\/wgphoto.pl\/t\/index.php?rest_route=%2Fwp%2Fv2%2Fcategories&post=9846"},{"taxonomy":"post_tag","embeddable":true,"href":"https:\/\/wgphoto.pl\/t\/index.php?rest_route=%2Fwp%2Fv2%2Ftags&post=9846"}],"curies":[{"name":"wp","href":"https:\/\/api.w.org\/{rel}","templated":true}]}}