{"id":9864,"date":"2025-01-16T18:23:09","date_gmt":"2025-01-16T17:23:09","guid":{"rendered":"https:\/\/wgphoto.pl\/t\/?p=9864"},"modified":"2025-01-16T18:23:09","modified_gmt":"2025-01-16T17:23:09","slug":"trzni-centar-okretnica","status":"publish","type":"post","link":"https:\/\/wgphoto.pl\/t\/?p=9864","title":{"rendered":"Tr\u017eni Centar Okretnica"},"content":{"rendered":"\n<figure class=\"wp-block-image aligncenter size-full\"><img loading=\"lazy\" decoding=\"async\" width=\"1400\" height=\"937\" src=\"https:\/\/wgphoto.pl\/t\/wp-content\/uploads\/2025\/01\/IMGP3264.jpg\" alt=\"\" class=\"wp-image-9865\" srcset=\"https:\/\/wgphoto.pl\/t\/wp-content\/uploads\/2025\/01\/IMGP3264.jpg 1400w, https:\/\/wgphoto.pl\/t\/wp-content\/uploads\/2025\/01\/IMGP3264-300x201.jpg 300w, https:\/\/wgphoto.pl\/t\/wp-content\/uploads\/2025\/01\/IMGP3264-768x514.jpg 768w\" sizes=\"auto, (max-width: 1400px) 100vw, 1400px\" \/><\/figure>\n\n\n\n<div class=\"wp-block-group has-global-padding is-layout-constrained wp-block-group-is-layout-constrained\">\n<p>Belgrad, ko\u0144cowy przystanek Ustani\u010dka obok targowiska nosz\u0105cego dumn\u0105 nazw\u0119 &#8222;centrum handlowego (zapewne) P\u0119tla&#8221;. Tatra KT4YU 354 w\u015br\u00f3d nadmiaru wszystkiego: ludzi, samochod\u00f3w, tramwaj\u00f3w, s\u0142o\u0144ca i gor\u0105ca, ha\u0142asu\u2026 22.08.2011<\/p>\n<\/div>\n","protected":false},"excerpt":{"rendered":"<p>Belgrad, ko\u0144cowy przystanek Ustani\u010dka obok targowiska nosz\u0105cego dumn\u0105 nazw\u0119 &#8222;centrum handlowego (zapewne) P\u0119tla&#8221;. Tatra KT4YU 354 w\u015br\u00f3d nadmiaru wszystkiego: ludzi, samochod\u00f3w, tramwaj\u00f3w, s\u0142o\u0144ca i gor\u0105ca, ha\u0142asu\u2026 22.08.2011<\/p>\n","protected":false},"author":1,"featured_media":9865,"comment_status":"open","ping_status":"","sticky":false,"template":"","format":"standard","meta":{"footnotes":""},"categories":[77,3],"tags":[444,443,2968,151,442,33],"class_list":["post-9864","post","type-post","status-publish","format-standard","has-post-thumbnail","hentry","category-rok-2011","category-tramwaj","tag-2011-08-22","tag-belgrad","tag-gsp-beograd","tag-ludzie","tag-serbia","tag-tatra-kt4"],"_links":{"self":[{"href":"https:\/\/wgphoto.pl\/t\/index.php?rest_route=\/wp\/v2\/posts\/9864","targetHints":{"allow":["GET"]}}],"collection":[{"href":"https:\/\/wgphoto.pl\/t\/index.php?rest_route=\/wp\/v2\/posts"}],"about":[{"href":"https:\/\/wgphoto.pl\/t\/index.php?rest_route=\/wp\/v2\/types\/post"}],"author":[{"embeddable":true,"href":"https:\/\/wgphoto.pl\/t\/index.php?rest_route=\/wp\/v2\/users\/1"}],"replies":[{"embeddable":true,"href":"https:\/\/wgphoto.pl\/t\/index.php?rest_route=%2Fwp%2Fv2%2Fcomments&post=9864"}],"version-history":[{"count":1,"href":"https:\/\/wgphoto.pl\/t\/index.php?rest_route=\/wp\/v2\/posts\/9864\/revisions"}],"predecessor-version":[{"id":9866,"href":"https:\/\/wgphoto.pl\/t\/index.php?rest_route=\/wp\/v2\/posts\/9864\/revisions\/9866"}],"wp:featuredmedia":[{"embeddable":true,"href":"https:\/\/wgphoto.pl\/t\/index.php?rest_route=\/wp\/v2\/media\/9865"}],"wp:attachment":[{"href":"https:\/\/wgphoto.pl\/t\/index.php?rest_route=%2Fwp%2Fv2%2Fmedia&parent=9864"}],"wp:term":[{"taxonomy":"category","embeddable":true,"href":"https:\/\/wgphoto.pl\/t\/index.php?rest_route=%2Fwp%2Fv2%2Fcategories&post=9864"},{"taxonomy":"post_tag","embeddable":true,"href":"https:\/\/wgphoto.pl\/t\/index.php?rest_route=%2Fwp%2Fv2%2Ftags&post=9864"}],"curies":[{"name":"wp","href":"https:\/\/api.w.org\/{rel}","templated":true}]}}