{"id":9870,"date":"2025-01-16T21:51:33","date_gmt":"2025-01-16T20:51:33","guid":{"rendered":"https:\/\/wgphoto.pl\/t\/?p=9870"},"modified":"2025-01-16T21:51:33","modified_gmt":"2025-01-16T20:51:33","slug":"2xkt4yu-m","status":"publish","type":"post","link":"https:\/\/wgphoto.pl\/t\/?p=9870","title":{"rendered":"2xKT4YU-M"},"content":{"rendered":"\n<figure class=\"wp-block-image aligncenter size-full\"><img loading=\"lazy\" decoding=\"async\" width=\"1024\" height=\"683\" src=\"https:\/\/wgphoto.pl\/t\/wp-content\/uploads\/2025\/01\/IMGP3254.jpg\" alt=\"\" class=\"wp-image-9871\" srcset=\"https:\/\/wgphoto.pl\/t\/wp-content\/uploads\/2025\/01\/IMGP3254.jpg 1024w, https:\/\/wgphoto.pl\/t\/wp-content\/uploads\/2025\/01\/IMGP3254-300x200.jpg 300w, https:\/\/wgphoto.pl\/t\/wp-content\/uploads\/2025\/01\/IMGP3254-768x512.jpg 768w\" sizes=\"auto, (max-width: 1024px) 100vw, 1024px\" \/><\/figure>\n\n\n\n<div class=\"wp-block-group has-global-padding is-layout-constrained wp-block-group-is-layout-constrained\">\n<p>Belgrad, ul. Nemanjina. By\u0142o tu ju\u017c spojrzenie z przeciwleg\u0142ego chodnika. Niniejsze prezentuj\u0119 ze wzgl\u0119du na tramwaj, bo wagon\u00f3w KT4 w trakcji ukrotnionej nigdy za wiele, zw\u0142aszcza je\u015bli pojazdem prowadz\u0105cym jest najstarszy przedstawiciel serii na prezentowanej sieci. 2011-08-22<\/p>\n<\/div>\n","protected":false},"excerpt":{"rendered":"<p>Belgrad, ul. Nemanjina. By\u0142o tu ju\u017c spojrzenie z przeciwleg\u0142ego chodnika. Niniejsze prezentuj\u0119 ze wzgl\u0119du na tramwaj, bo wagon\u00f3w KT4 w trakcji ukrotnionej nigdy za wiele, zw\u0142aszcza je\u015bli pojazdem prowadz\u0105cym jest najstarszy przedstawiciel serii na prezentowanej sieci. 2011-08-22<\/p>\n","protected":false},"author":1,"featured_media":9871,"comment_status":"open","ping_status":"","sticky":false,"template":"","format":"standard","meta":{"footnotes":""},"categories":[77,3],"tags":[444,443,2968,143,442,33],"class_list":["post-9870","post","type-post","status-publish","format-standard","has-post-thumbnail","hentry","category-rok-2011","category-tramwaj","tag-2011-08-22","tag-belgrad","tag-gsp-beograd","tag-ponad-30m","tag-serbia","tag-tatra-kt4"],"_links":{"self":[{"href":"https:\/\/wgphoto.pl\/t\/index.php?rest_route=\/wp\/v2\/posts\/9870","targetHints":{"allow":["GET"]}}],"collection":[{"href":"https:\/\/wgphoto.pl\/t\/index.php?rest_route=\/wp\/v2\/posts"}],"about":[{"href":"https:\/\/wgphoto.pl\/t\/index.php?rest_route=\/wp\/v2\/types\/post"}],"author":[{"embeddable":true,"href":"https:\/\/wgphoto.pl\/t\/index.php?rest_route=\/wp\/v2\/users\/1"}],"replies":[{"embeddable":true,"href":"https:\/\/wgphoto.pl\/t\/index.php?rest_route=%2Fwp%2Fv2%2Fcomments&post=9870"}],"version-history":[{"count":1,"href":"https:\/\/wgphoto.pl\/t\/index.php?rest_route=\/wp\/v2\/posts\/9870\/revisions"}],"predecessor-version":[{"id":9872,"href":"https:\/\/wgphoto.pl\/t\/index.php?rest_route=\/wp\/v2\/posts\/9870\/revisions\/9872"}],"wp:featuredmedia":[{"embeddable":true,"href":"https:\/\/wgphoto.pl\/t\/index.php?rest_route=\/wp\/v2\/media\/9871"}],"wp:attachment":[{"href":"https:\/\/wgphoto.pl\/t\/index.php?rest_route=%2Fwp%2Fv2%2Fmedia&parent=9870"}],"wp:term":[{"taxonomy":"category","embeddable":true,"href":"https:\/\/wgphoto.pl\/t\/index.php?rest_route=%2Fwp%2Fv2%2Fcategories&post=9870"},{"taxonomy":"post_tag","embeddable":true,"href":"https:\/\/wgphoto.pl\/t\/index.php?rest_route=%2Fwp%2Fv2%2Ftags&post=9870"}],"curies":[{"name":"wp","href":"https:\/\/api.w.org\/{rel}","templated":true}]}}