{"id":9873,"date":"2025-01-16T21:52:45","date_gmt":"2025-01-16T20:52:45","guid":{"rendered":"https:\/\/wgphoto.pl\/t\/?p=9873"},"modified":"2025-01-16T21:52:45","modified_gmt":"2025-01-16T20:52:45","slug":"serbskie-wody-dunaju","status":"publish","type":"post","link":"https:\/\/wgphoto.pl\/t\/?p=9873","title":{"rendered":"Serbskie wody Dunaju"},"content":{"rendered":"\n<figure class=\"wp-block-image aligncenter size-full\"><img loading=\"lazy\" decoding=\"async\" width=\"1024\" height=\"683\" src=\"https:\/\/wgphoto.pl\/t\/wp-content\/uploads\/2025\/01\/IMGP3261-1.jpg\" alt=\"\" class=\"wp-image-9874\" srcset=\"https:\/\/wgphoto.pl\/t\/wp-content\/uploads\/2025\/01\/IMGP3261-1.jpg 1024w, https:\/\/wgphoto.pl\/t\/wp-content\/uploads\/2025\/01\/IMGP3261-1-300x200.jpg 300w, https:\/\/wgphoto.pl\/t\/wp-content\/uploads\/2025\/01\/IMGP3261-1-768x512.jpg 768w\" sizes=\"auto, (max-width: 1024px) 100vw, 1024px\" \/><\/figure>\n\n\n\n<div class=\"wp-block-group has-global-padding is-layout-constrained wp-block-group-is-layout-constrained\">\n<p>Belgrad, ul. Tadeu\u0161a Ko\u0161\u0107u\u0161ka. Zamys\u0142 tego kadru by\u0142 taki, \u017ceby z\u0142apa\u0107 tramwaj z wodami Dunaju w tle (to bodaj jedyne takie miejsce w Belgradzie) oraz \u017ceby m\u00f3c opisa\u0107 foto tak\u0105 nazw\u0105 ulicy. 2011-08-22<\/p>\n<\/div>\n","protected":false},"excerpt":{"rendered":"<p>Belgrad, ul. Tadeu\u0161a Ko\u0161\u0107u\u0161ka. Zamys\u0142 tego kadru by\u0142 taki, \u017ceby z\u0142apa\u0107 tramwaj z wodami Dunaju w tle (to bodaj jedyne takie miejsce w Belgradzie) oraz \u017ceby m\u00f3c opisa\u0107 foto tak\u0105 nazw\u0105 ulicy. 2011-08-22<\/p>\n","protected":false},"author":1,"featured_media":9874,"comment_status":"open","ping_status":"","sticky":false,"template":"","format":"standard","meta":{"footnotes":""},"categories":[77,3],"tags":[444,443,2968,118,442,33],"class_list":["post-9873","post","type-post","status-publish","format-standard","has-post-thumbnail","hentry","category-rok-2011","category-tramwaj","tag-2011-08-22","tag-belgrad","tag-gsp-beograd","tag-plany-i-profile","tag-serbia","tag-tatra-kt4"],"_links":{"self":[{"href":"https:\/\/wgphoto.pl\/t\/index.php?rest_route=\/wp\/v2\/posts\/9873","targetHints":{"allow":["GET"]}}],"collection":[{"href":"https:\/\/wgphoto.pl\/t\/index.php?rest_route=\/wp\/v2\/posts"}],"about":[{"href":"https:\/\/wgphoto.pl\/t\/index.php?rest_route=\/wp\/v2\/types\/post"}],"author":[{"embeddable":true,"href":"https:\/\/wgphoto.pl\/t\/index.php?rest_route=\/wp\/v2\/users\/1"}],"replies":[{"embeddable":true,"href":"https:\/\/wgphoto.pl\/t\/index.php?rest_route=%2Fwp%2Fv2%2Fcomments&post=9873"}],"version-history":[{"count":1,"href":"https:\/\/wgphoto.pl\/t\/index.php?rest_route=\/wp\/v2\/posts\/9873\/revisions"}],"predecessor-version":[{"id":9875,"href":"https:\/\/wgphoto.pl\/t\/index.php?rest_route=\/wp\/v2\/posts\/9873\/revisions\/9875"}],"wp:featuredmedia":[{"embeddable":true,"href":"https:\/\/wgphoto.pl\/t\/index.php?rest_route=\/wp\/v2\/media\/9874"}],"wp:attachment":[{"href":"https:\/\/wgphoto.pl\/t\/index.php?rest_route=%2Fwp%2Fv2%2Fmedia&parent=9873"}],"wp:term":[{"taxonomy":"category","embeddable":true,"href":"https:\/\/wgphoto.pl\/t\/index.php?rest_route=%2Fwp%2Fv2%2Fcategories&post=9873"},{"taxonomy":"post_tag","embeddable":true,"href":"https:\/\/wgphoto.pl\/t\/index.php?rest_route=%2Fwp%2Fv2%2Ftags&post=9873"}],"curies":[{"name":"wp","href":"https:\/\/api.w.org\/{rel}","templated":true}]}}