{"id":9876,"date":"2025-01-16T21:53:41","date_gmt":"2025-01-16T20:53:41","guid":{"rendered":"https:\/\/wgphoto.pl\/t\/?p=9876"},"modified":"2025-01-16T21:53:41","modified_gmt":"2025-01-16T20:53:41","slug":"kt4yu-nr-385-2","status":"publish","type":"post","link":"https:\/\/wgphoto.pl\/t\/?p=9876","title":{"rendered":"KT4YU nr 385"},"content":{"rendered":"\n<figure class=\"wp-block-image aligncenter size-full\"><img loading=\"lazy\" decoding=\"async\" width=\"1024\" height=\"683\" src=\"https:\/\/wgphoto.pl\/t\/wp-content\/uploads\/2025\/01\/IMGP3279.jpg\" alt=\"\" class=\"wp-image-9877\" srcset=\"https:\/\/wgphoto.pl\/t\/wp-content\/uploads\/2025\/01\/IMGP3279.jpg 1024w, https:\/\/wgphoto.pl\/t\/wp-content\/uploads\/2025\/01\/IMGP3279-300x200.jpg 300w, https:\/\/wgphoto.pl\/t\/wp-content\/uploads\/2025\/01\/IMGP3279-768x512.jpg 768w\" sizes=\"auto, (max-width: 1024px) 100vw, 1024px\" \/><\/figure>\n\n\n\n<div class=\"wp-block-group has-global-padding is-layout-constrained wp-block-group-is-layout-constrained\">\n<p>Belgrad, Bulevar Kralja Aleksandra. Kat\u00f3wka opuszcza centrum miasta jedn\u0105 z arterii o ciekawej perspektywie, kt\u00f3r\u0105 jednak\u017ce trudno w pe\u0142ni fotograficznie wykorzysta\u0107 z uwagi na du\u017cy ruch ko\u0142owy. 2011-08-22<\/p>\n<\/div>\n","protected":false},"excerpt":{"rendered":"<p>Belgrad, Bulevar Kralja Aleksandra. Kat\u00f3wka opuszcza centrum miasta jedn\u0105 z arterii o ciekawej perspektywie, kt\u00f3r\u0105 jednak\u017ce trudno w pe\u0142ni fotograficznie wykorzysta\u0107 z uwagi na du\u017cy ruch ko\u0142owy. 2011-08-22<\/p>\n","protected":false},"author":1,"featured_media":9877,"comment_status":"open","ping_status":"","sticky":false,"template":"","format":"standard","meta":{"footnotes":""},"categories":[77,3],"tags":[444,443,2968,118,442,33],"class_list":["post-9876","post","type-post","status-publish","format-standard","has-post-thumbnail","hentry","category-rok-2011","category-tramwaj","tag-2011-08-22","tag-belgrad","tag-gsp-beograd","tag-plany-i-profile","tag-serbia","tag-tatra-kt4"],"_links":{"self":[{"href":"https:\/\/wgphoto.pl\/t\/index.php?rest_route=\/wp\/v2\/posts\/9876","targetHints":{"allow":["GET"]}}],"collection":[{"href":"https:\/\/wgphoto.pl\/t\/index.php?rest_route=\/wp\/v2\/posts"}],"about":[{"href":"https:\/\/wgphoto.pl\/t\/index.php?rest_route=\/wp\/v2\/types\/post"}],"author":[{"embeddable":true,"href":"https:\/\/wgphoto.pl\/t\/index.php?rest_route=\/wp\/v2\/users\/1"}],"replies":[{"embeddable":true,"href":"https:\/\/wgphoto.pl\/t\/index.php?rest_route=%2Fwp%2Fv2%2Fcomments&post=9876"}],"version-history":[{"count":1,"href":"https:\/\/wgphoto.pl\/t\/index.php?rest_route=\/wp\/v2\/posts\/9876\/revisions"}],"predecessor-version":[{"id":9878,"href":"https:\/\/wgphoto.pl\/t\/index.php?rest_route=\/wp\/v2\/posts\/9876\/revisions\/9878"}],"wp:featuredmedia":[{"embeddable":true,"href":"https:\/\/wgphoto.pl\/t\/index.php?rest_route=\/wp\/v2\/media\/9877"}],"wp:attachment":[{"href":"https:\/\/wgphoto.pl\/t\/index.php?rest_route=%2Fwp%2Fv2%2Fmedia&parent=9876"}],"wp:term":[{"taxonomy":"category","embeddable":true,"href":"https:\/\/wgphoto.pl\/t\/index.php?rest_route=%2Fwp%2Fv2%2Fcategories&post=9876"},{"taxonomy":"post_tag","embeddable":true,"href":"https:\/\/wgphoto.pl\/t\/index.php?rest_route=%2Fwp%2Fv2%2Ftags&post=9876"}],"curies":[{"name":"wp","href":"https:\/\/api.w.org\/{rel}","templated":true}]}}