{"id":9888,"date":"2025-01-16T21:58:22","date_gmt":"2025-01-16T20:58:22","guid":{"rendered":"https:\/\/wgphoto.pl\/t\/?p=9888"},"modified":"2025-01-16T21:58:22","modified_gmt":"2025-01-16T20:58:22","slug":"stojka","status":"publish","type":"post","link":"https:\/\/wgphoto.pl\/t\/?p=9888","title":{"rendered":"St\u00f3jka"},"content":{"rendered":"\n<figure class=\"wp-block-image aligncenter size-full\"><img loading=\"lazy\" decoding=\"async\" width=\"900\" height=\"600\" src=\"https:\/\/wgphoto.pl\/t\/wp-content\/uploads\/2025\/01\/IMGP3362.jpg\" alt=\"\" class=\"wp-image-9889\" srcset=\"https:\/\/wgphoto.pl\/t\/wp-content\/uploads\/2025\/01\/IMGP3362.jpg 900w, https:\/\/wgphoto.pl\/t\/wp-content\/uploads\/2025\/01\/IMGP3362-300x200.jpg 300w, https:\/\/wgphoto.pl\/t\/wp-content\/uploads\/2025\/01\/IMGP3362-768x512.jpg 768w\" sizes=\"auto, (max-width: 900px) 100vw, 900px\" \/><\/figure>\n\n\n\n<div class=\"wp-block-group has-global-padding is-layout-constrained wp-block-group-is-layout-constrained\">\n<p>Przy jednym z peron\u00f3w przewymiarowanej (na zdj\u0119ciu nie wida\u0107 niestety tych kilku peron\u00f3w d\u0142ugich na kilkaset metr\u00f3w, z kt\u00f3rych regularnie wykorzystywane s\u0105 ze dwa: jeden przez poci\u0105gi podmiejskie, drugi &#8211; przez dalekobie\u017cne) stacji Novi Beograd stoi ju\u017c od \u0142adnych kilkunastu minut, i jeszcze troch\u0119 sobie postoi, poci\u0105g 540 ICS (Inter Siti Srbija) &#8222;Pali\u0107&#8221; z Belgradu do Suboticy. Wed\u0142ug dost\u0119pnego rozk\u0142adu jazdy sk\u0142ad ten powinien odjecha\u0107 ze stacji Belgrad dopiero za 32 minuty, ale najwyra\u017aniej Serbowie uznali, \u017ce na przeci\u0105gni\u0119cie sk\u0142adu lokomotyw\u0105 spalinow\u0105 (b\u0119d\u0105c\u0105 odpowiednikiem polskiej serii SM41) na kilkukilometrowym odcinku do Nowego Belgradu potrzebny b\u0119dzie godzinny zapas. Dalej sk\u0142ad poprowadzi elektrow\u00f3z 444-006. 2011-08-22<\/p>\n<\/div>\n","protected":false},"excerpt":{"rendered":"<p>Przy jednym z peron\u00f3w przewymiarowanej (na zdj\u0119ciu nie wida\u0107 niestety tych kilku peron\u00f3w d\u0142ugich na kilkaset metr\u00f3w, z kt\u00f3rych regularnie wykorzystywane s\u0105 ze dwa: jeden przez poci\u0105gi podmiejskie, drugi &#8211; przez dalekobie\u017cne) stacji Novi Beograd stoi ju\u017c od \u0142adnych kilkunastu minut, i jeszcze troch\u0119 sobie postoi, poci\u0105g 540 ICS (Inter Siti Srbija) &#8222;Pali\u0107&#8221; z Belgradu [&hellip;]<\/p>\n","protected":false},"author":1,"featured_media":9889,"comment_status":"open","ping_status":"","sticky":false,"template":"","format":"standard","meta":{"footnotes":""},"categories":[2,77],"tags":[444,443,2969,24,442,445],"class_list":["post-9888","post","type-post","status-publish","format-standard","has-post-thumbnail","hentry","category-kolej","category-rok-2011","tag-2011-08-22","tag-belgrad","tag-novi-beograd","tag-perony","tag-serbia","tag-zs"],"_links":{"self":[{"href":"https:\/\/wgphoto.pl\/t\/index.php?rest_route=\/wp\/v2\/posts\/9888","targetHints":{"allow":["GET"]}}],"collection":[{"href":"https:\/\/wgphoto.pl\/t\/index.php?rest_route=\/wp\/v2\/posts"}],"about":[{"href":"https:\/\/wgphoto.pl\/t\/index.php?rest_route=\/wp\/v2\/types\/post"}],"author":[{"embeddable":true,"href":"https:\/\/wgphoto.pl\/t\/index.php?rest_route=\/wp\/v2\/users\/1"}],"replies":[{"embeddable":true,"href":"https:\/\/wgphoto.pl\/t\/index.php?rest_route=%2Fwp%2Fv2%2Fcomments&post=9888"}],"version-history":[{"count":1,"href":"https:\/\/wgphoto.pl\/t\/index.php?rest_route=\/wp\/v2\/posts\/9888\/revisions"}],"predecessor-version":[{"id":9890,"href":"https:\/\/wgphoto.pl\/t\/index.php?rest_route=\/wp\/v2\/posts\/9888\/revisions\/9890"}],"wp:featuredmedia":[{"embeddable":true,"href":"https:\/\/wgphoto.pl\/t\/index.php?rest_route=\/wp\/v2\/media\/9889"}],"wp:attachment":[{"href":"https:\/\/wgphoto.pl\/t\/index.php?rest_route=%2Fwp%2Fv2%2Fmedia&parent=9888"}],"wp:term":[{"taxonomy":"category","embeddable":true,"href":"https:\/\/wgphoto.pl\/t\/index.php?rest_route=%2Fwp%2Fv2%2Fcategories&post=9888"},{"taxonomy":"post_tag","embeddable":true,"href":"https:\/\/wgphoto.pl\/t\/index.php?rest_route=%2Fwp%2Fv2%2Ftags&post=9888"}],"curies":[{"name":"wp","href":"https:\/\/api.w.org\/{rel}","templated":true}]}}