{"id":9894,"date":"2025-01-16T22:01:03","date_gmt":"2025-01-16T21:01:03","guid":{"rendered":"https:\/\/wgphoto.pl\/t\/?p=9894"},"modified":"2025-01-16T22:01:03","modified_gmt":"2025-01-16T21:01:03","slug":"sss-jak-sztokholm-sparvagn-i-skaly","status":"publish","type":"post","link":"https:\/\/wgphoto.pl\/t\/?p=9894","title":{"rendered":"SSS jak Sztokholm, sp\u00e5rvagn i ska\u0142y"},"content":{"rendered":"\n<figure class=\"wp-block-image aligncenter size-full\"><img loading=\"lazy\" decoding=\"async\" width=\"1400\" height=\"937\" src=\"https:\/\/wgphoto.pl\/t\/wp-content\/uploads\/2025\/01\/IMGP2838.jpg\" alt=\"\" class=\"wp-image-9895\" srcset=\"https:\/\/wgphoto.pl\/t\/wp-content\/uploads\/2025\/01\/IMGP2838.jpg 1400w, https:\/\/wgphoto.pl\/t\/wp-content\/uploads\/2025\/01\/IMGP2838-300x201.jpg 300w, https:\/\/wgphoto.pl\/t\/wp-content\/uploads\/2025\/01\/IMGP2838-768x514.jpg 768w\" sizes=\"auto, (max-width: 1400px) 100vw, 1400px\" \/><\/figure>\n\n\n\n<div class=\"wp-block-group has-global-padding is-layout-constrained wp-block-group-is-layout-constrained\">\n<p>W\u0142a\u015bnie takie widoki kojarz\u0105 mi si\u0119 ze sztokholmsk\u0105 aglomeracj\u0105: niebieski pojazd, sun\u0105cy w\u015br\u00f3d ska\u0142 i las\u00f3w. Sk\u0142ad A30B+B30B+A30B 322+610+318 pokonuje odcinek Baggeby &#8211; Torsvik. 2011-08-19<\/p>\n<\/div>\n","protected":false},"excerpt":{"rendered":"<p>W\u0142a\u015bnie takie widoki kojarz\u0105 mi si\u0119 ze sztokholmsk\u0105 aglomeracj\u0105: niebieski pojazd, sun\u0105cy w\u015br\u00f3d ska\u0142 i las\u00f3w. Sk\u0142ad A30B+B30B+A30B 322+610+318 pokonuje odcinek Baggeby &#8211; Torsvik. 2011-08-19<\/p>\n","protected":false},"author":1,"featured_media":9895,"comment_status":"open","ping_status":"","sticky":false,"template":"","format":"standard","meta":{"footnotes":""},"categories":[77,3],"tags":[1124,1123,118,244,682,686,685],"class_list":["post-9894","post","type-post","status-publish","format-standard","has-post-thumbnail","hentry","category-rok-2011","category-tramwaj","tag-2011-08-19","tag-lidingobanan","tag-plany-i-profile","tag-skaly","tag-sl-stockholm","tag-sztokholm","tag-szwecja"],"_links":{"self":[{"href":"https:\/\/wgphoto.pl\/t\/index.php?rest_route=\/wp\/v2\/posts\/9894","targetHints":{"allow":["GET"]}}],"collection":[{"href":"https:\/\/wgphoto.pl\/t\/index.php?rest_route=\/wp\/v2\/posts"}],"about":[{"href":"https:\/\/wgphoto.pl\/t\/index.php?rest_route=\/wp\/v2\/types\/post"}],"author":[{"embeddable":true,"href":"https:\/\/wgphoto.pl\/t\/index.php?rest_route=\/wp\/v2\/users\/1"}],"replies":[{"embeddable":true,"href":"https:\/\/wgphoto.pl\/t\/index.php?rest_route=%2Fwp%2Fv2%2Fcomments&post=9894"}],"version-history":[{"count":1,"href":"https:\/\/wgphoto.pl\/t\/index.php?rest_route=\/wp\/v2\/posts\/9894\/revisions"}],"predecessor-version":[{"id":9896,"href":"https:\/\/wgphoto.pl\/t\/index.php?rest_route=\/wp\/v2\/posts\/9894\/revisions\/9896"}],"wp:featuredmedia":[{"embeddable":true,"href":"https:\/\/wgphoto.pl\/t\/index.php?rest_route=\/wp\/v2\/media\/9895"}],"wp:attachment":[{"href":"https:\/\/wgphoto.pl\/t\/index.php?rest_route=%2Fwp%2Fv2%2Fmedia&parent=9894"}],"wp:term":[{"taxonomy":"category","embeddable":true,"href":"https:\/\/wgphoto.pl\/t\/index.php?rest_route=%2Fwp%2Fv2%2Fcategories&post=9894"},{"taxonomy":"post_tag","embeddable":true,"href":"https:\/\/wgphoto.pl\/t\/index.php?rest_route=%2Fwp%2Fv2%2Ftags&post=9894"}],"curies":[{"name":"wp","href":"https:\/\/api.w.org\/{rel}","templated":true}]}}