{"id":9915,"date":"2025-01-18T12:31:44","date_gmt":"2025-01-18T11:31:44","guid":{"rendered":"https:\/\/wgphoto.pl\/t\/?p=9915"},"modified":"2025-01-18T12:31:44","modified_gmt":"2025-01-18T11:31:44","slug":"z-gornego-wiaduktu","status":"publish","type":"post","link":"https:\/\/wgphoto.pl\/t\/?p=9915","title":{"rendered":"Z g\u00f3rnego wiaduktu"},"content":{"rendered":"\n<figure class=\"wp-block-image aligncenter size-full\"><img loading=\"lazy\" decoding=\"async\" width=\"1200\" height=\"803\" src=\"https:\/\/wgphoto.pl\/t\/wp-content\/uploads\/2025\/01\/IMGP9193.jpg\" alt=\"\" class=\"wp-image-9916\" srcset=\"https:\/\/wgphoto.pl\/t\/wp-content\/uploads\/2025\/01\/IMGP9193.jpg 1200w, https:\/\/wgphoto.pl\/t\/wp-content\/uploads\/2025\/01\/IMGP9193-300x201.jpg 300w, https:\/\/wgphoto.pl\/t\/wp-content\/uploads\/2025\/01\/IMGP9193-768x514.jpg 768w\" sizes=\"auto, (max-width: 1200px) 100vw, 1200px\" \/><\/figure>\n\n\n\n<div class=\"wp-block-group has-global-padding is-layout-constrained wp-block-group-is-layout-constrained\">\n<p>151 007-2 z poci\u0105giem ekspresowym 148 &#8222;Jan Perner&#8221; z \u017diliny do Prahy hl.n. wje\u017cd\u017ca do skalnego &#8222;przestrza\u0142u&#8221; tu\u017c przed stacj\u0105 Choce\u0148. 24.01.2011<\/p>\n<\/div>\n\n\n\n<p><\/p>\n","protected":false},"excerpt":{"rendered":"<p>151 007-2 z poci\u0105giem ekspresowym 148 &#8222;Jan Perner&#8221; z \u017diliny do Prahy hl.n. wje\u017cd\u017ca do skalnego &#8222;przestrza\u0142u&#8221; tu\u017c przed stacj\u0105 Choce\u0148. 24.01.2011<\/p>\n","protected":false},"author":1,"featured_media":9916,"comment_status":"open","ping_status":"","sticky":false,"template":"","format":"standard","meta":{"footnotes":""},"categories":[2,77],"tags":[1966,2972,50,2973,49,821,244,44,1375],"class_list":["post-9915","post","type-post","status-publish","format-standard","has-post-thumbnail","hentry","category-kolej","category-rok-2011","tag-1966","tag-2011-01-24","tag-cd","tag-chocen","tag-czechy","tag-mgla","tag-skaly","tag-snieg","tag-tab-cz010"],"_links":{"self":[{"href":"https:\/\/wgphoto.pl\/t\/index.php?rest_route=\/wp\/v2\/posts\/9915","targetHints":{"allow":["GET"]}}],"collection":[{"href":"https:\/\/wgphoto.pl\/t\/index.php?rest_route=\/wp\/v2\/posts"}],"about":[{"href":"https:\/\/wgphoto.pl\/t\/index.php?rest_route=\/wp\/v2\/types\/post"}],"author":[{"embeddable":true,"href":"https:\/\/wgphoto.pl\/t\/index.php?rest_route=\/wp\/v2\/users\/1"}],"replies":[{"embeddable":true,"href":"https:\/\/wgphoto.pl\/t\/index.php?rest_route=%2Fwp%2Fv2%2Fcomments&post=9915"}],"version-history":[{"count":1,"href":"https:\/\/wgphoto.pl\/t\/index.php?rest_route=\/wp\/v2\/posts\/9915\/revisions"}],"predecessor-version":[{"id":9917,"href":"https:\/\/wgphoto.pl\/t\/index.php?rest_route=\/wp\/v2\/posts\/9915\/revisions\/9917"}],"wp:featuredmedia":[{"embeddable":true,"href":"https:\/\/wgphoto.pl\/t\/index.php?rest_route=\/wp\/v2\/media\/9916"}],"wp:attachment":[{"href":"https:\/\/wgphoto.pl\/t\/index.php?rest_route=%2Fwp%2Fv2%2Fmedia&parent=9915"}],"wp:term":[{"taxonomy":"category","embeddable":true,"href":"https:\/\/wgphoto.pl\/t\/index.php?rest_route=%2Fwp%2Fv2%2Fcategories&post=9915"},{"taxonomy":"post_tag","embeddable":true,"href":"https:\/\/wgphoto.pl\/t\/index.php?rest_route=%2Fwp%2Fv2%2Ftags&post=9915"}],"curies":[{"name":"wp","href":"https:\/\/api.w.org\/{rel}","templated":true}]}}