{"id":9918,"date":"2025-01-18T12:32:48","date_gmt":"2025-01-18T11:32:48","guid":{"rendered":"https:\/\/wgphoto.pl\/t\/?p=9918"},"modified":"2025-01-19T18:50:53","modified_gmt":"2025-01-19T17:50:53","slug":"2x163","status":"publish","type":"post","link":"https:\/\/wgphoto.pl\/t\/?p=9918","title":{"rendered":"2&#215;163"},"content":{"rendered":"\n<figure class=\"wp-block-image aligncenter size-full\"><img loading=\"lazy\" decoding=\"async\" width=\"1400\" height=\"937\" src=\"https:\/\/wgphoto.pl\/t\/wp-content\/uploads\/2025\/01\/IMGP2605.jpg\" alt=\"\" class=\"wp-image-10078\" srcset=\"https:\/\/wgphoto.pl\/t\/wp-content\/uploads\/2025\/01\/IMGP2605.jpg 1400w, https:\/\/wgphoto.pl\/t\/wp-content\/uploads\/2025\/01\/IMGP2605-300x201.jpg 300w, https:\/\/wgphoto.pl\/t\/wp-content\/uploads\/2025\/01\/IMGP2605-768x514.jpg 768w\" sizes=\"auto, (max-width: 1400px) 100vw, 1400px\" \/><\/figure>\n\n\n\n<div class=\"wp-block-group has-global-padding is-layout-constrained wp-block-group-is-layout-constrained\">\n<p>Poci\u0105g osobowy z Poznania do Wroc\u0142awia, prowadzony duetem perszing\u00f3w 044+041, mija rozebrany w 2\/3 wiadukt nad torami Wroc\u0142awia \u015awiebodzkiego. 05.04.2013<\/p>\n<\/div>\n","protected":false},"excerpt":{"rendered":"<p>Poci\u0105g osobowy z Poznania do Wroc\u0142awia, prowadzony duetem perszing\u00f3w 044+041, mija rozebrany w 2\/3 wiadukt nad torami Wroc\u0142awia \u015awiebodzkiego. 05.04.2013<\/p>\n","protected":false},"author":1,"featured_media":10078,"comment_status":"open","ping_status":"","sticky":false,"template":"","format":"standard","meta":{"footnotes":""},"categories":[2,55],"tags":[1401,2974,283,745,50,249,1544,27,1502,190,41],"class_list":["post-9918","post","type-post","status-publish","format-standard","has-post-thumbnail","hentry","category-kolej","category-rok-2013","tag-1401","tag-2013-04-05","tag-bdhpmnu","tag-budowa","tag-cd","tag-goscinne-wystepy","tag-podg-grabiszyn","tag-polska","tag-przewozy-regionalne","tag-tab-pl330","tag-wroclaw"],"_links":{"self":[{"href":"https:\/\/wgphoto.pl\/t\/index.php?rest_route=\/wp\/v2\/posts\/9918","targetHints":{"allow":["GET"]}}],"collection":[{"href":"https:\/\/wgphoto.pl\/t\/index.php?rest_route=\/wp\/v2\/posts"}],"about":[{"href":"https:\/\/wgphoto.pl\/t\/index.php?rest_route=\/wp\/v2\/types\/post"}],"author":[{"embeddable":true,"href":"https:\/\/wgphoto.pl\/t\/index.php?rest_route=\/wp\/v2\/users\/1"}],"replies":[{"embeddable":true,"href":"https:\/\/wgphoto.pl\/t\/index.php?rest_route=%2Fwp%2Fv2%2Fcomments&post=9918"}],"version-history":[{"count":2,"href":"https:\/\/wgphoto.pl\/t\/index.php?rest_route=\/wp\/v2\/posts\/9918\/revisions"}],"predecessor-version":[{"id":10079,"href":"https:\/\/wgphoto.pl\/t\/index.php?rest_route=\/wp\/v2\/posts\/9918\/revisions\/10079"}],"wp:featuredmedia":[{"embeddable":true,"href":"https:\/\/wgphoto.pl\/t\/index.php?rest_route=\/wp\/v2\/media\/10078"}],"wp:attachment":[{"href":"https:\/\/wgphoto.pl\/t\/index.php?rest_route=%2Fwp%2Fv2%2Fmedia&parent=9918"}],"wp:term":[{"taxonomy":"category","embeddable":true,"href":"https:\/\/wgphoto.pl\/t\/index.php?rest_route=%2Fwp%2Fv2%2Fcategories&post=9918"},{"taxonomy":"post_tag","embeddable":true,"href":"https:\/\/wgphoto.pl\/t\/index.php?rest_route=%2Fwp%2Fv2%2Ftags&post=9918"}],"curies":[{"name":"wp","href":"https:\/\/api.w.org\/{rel}","templated":true}]}}