{"id":9921,"date":"2025-01-18T12:34:17","date_gmt":"2025-01-18T11:34:17","guid":{"rendered":"https:\/\/wgphoto.pl\/t\/?p=9921"},"modified":"2025-01-18T12:34:17","modified_gmt":"2025-01-18T11:34:17","slug":"biale-swieta","status":"publish","type":"post","link":"https:\/\/wgphoto.pl\/t\/?p=9921","title":{"rendered":"Bia\u0142e \u015bwi\u0119ta"},"content":{"rendered":"\n<figure class=\"wp-block-image aligncenter size-full\"><img loading=\"lazy\" decoding=\"async\" width=\"1200\" height=\"803\" src=\"https:\/\/wgphoto.pl\/t\/wp-content\/uploads\/2025\/01\/IMGP2588.jpg\" alt=\"\" class=\"wp-image-9922\" srcset=\"https:\/\/wgphoto.pl\/t\/wp-content\/uploads\/2025\/01\/IMGP2588.jpg 1200w, https:\/\/wgphoto.pl\/t\/wp-content\/uploads\/2025\/01\/IMGP2588-300x201.jpg 300w, https:\/\/wgphoto.pl\/t\/wp-content\/uploads\/2025\/01\/IMGP2588-768x514.jpg 768w\" sizes=\"auto, (max-width: 1200px) 100vw, 1200px\" \/><\/figure>\n\n\n\n<div class=\"wp-block-group has-global-padding is-layout-constrained wp-block-group-is-layout-constrained\">\n<p>Wroc\u0142aw, ul. \u015awi\u0119tej Jadwigi. Dzi\u015b norma, a wtedy ciekawostka &#8211; unijny Protram pojawi\u0142 si\u0119 na linii 23 tylko dlatego, \u017ce w \u015bwi\u0105tecznym rozk\u0142adzie 23 mia\u0142o \u0142\u0105czone brygady z 11. 01.04.2013<\/p>\n<\/div>\n","protected":false},"excerpt":{"rendered":"<p>Wroc\u0142aw, ul. \u015awi\u0119tej Jadwigi. Dzi\u015b norma, a wtedy ciekawostka &#8211; unijny Protram pojawi\u0142 si\u0119 na linii 23 tylko dlatego, \u017ce w \u015bwi\u0105tecznym rozk\u0142adzie 23 mia\u0142o \u0142\u0105czone brygady z 11. 01.04.2013<\/p>\n","protected":false},"author":1,"featured_media":9922,"comment_status":"open","ping_status":"","sticky":false,"template":"","format":"standard","meta":{"footnotes":""},"categories":[55,3],"tags":[2975,34,42,27,1096,44,41],"class_list":["post-9921","post","type-post","status-publish","format-standard","has-post-thumbnail","hentry","category-rok-2013","category-tramwaj","tag-2013-04-01","tag-architektura","tag-mpk-wroclaw","tag-polska","tag-protram-205wras","tag-snieg","tag-wroclaw"],"_links":{"self":[{"href":"https:\/\/wgphoto.pl\/t\/index.php?rest_route=\/wp\/v2\/posts\/9921","targetHints":{"allow":["GET"]}}],"collection":[{"href":"https:\/\/wgphoto.pl\/t\/index.php?rest_route=\/wp\/v2\/posts"}],"about":[{"href":"https:\/\/wgphoto.pl\/t\/index.php?rest_route=\/wp\/v2\/types\/post"}],"author":[{"embeddable":true,"href":"https:\/\/wgphoto.pl\/t\/index.php?rest_route=\/wp\/v2\/users\/1"}],"replies":[{"embeddable":true,"href":"https:\/\/wgphoto.pl\/t\/index.php?rest_route=%2Fwp%2Fv2%2Fcomments&post=9921"}],"version-history":[{"count":1,"href":"https:\/\/wgphoto.pl\/t\/index.php?rest_route=\/wp\/v2\/posts\/9921\/revisions"}],"predecessor-version":[{"id":9923,"href":"https:\/\/wgphoto.pl\/t\/index.php?rest_route=\/wp\/v2\/posts\/9921\/revisions\/9923"}],"wp:featuredmedia":[{"embeddable":true,"href":"https:\/\/wgphoto.pl\/t\/index.php?rest_route=\/wp\/v2\/media\/9922"}],"wp:attachment":[{"href":"https:\/\/wgphoto.pl\/t\/index.php?rest_route=%2Fwp%2Fv2%2Fmedia&parent=9921"}],"wp:term":[{"taxonomy":"category","embeddable":true,"href":"https:\/\/wgphoto.pl\/t\/index.php?rest_route=%2Fwp%2Fv2%2Fcategories&post=9921"},{"taxonomy":"post_tag","embeddable":true,"href":"https:\/\/wgphoto.pl\/t\/index.php?rest_route=%2Fwp%2Fv2%2Ftags&post=9921"}],"curies":[{"name":"wp","href":"https:\/\/api.w.org\/{rel}","templated":true}]}}