{"id":9987,"date":"2025-01-19T16:42:45","date_gmt":"2025-01-19T15:42:45","guid":{"rendered":"https:\/\/wgphoto.pl\/t\/?p=9987"},"modified":"2025-01-19T16:42:45","modified_gmt":"2025-01-19T15:42:45","slug":"czechoslowacka-tuba","status":"publish","type":"post","link":"https:\/\/wgphoto.pl\/t\/?p=9987","title":{"rendered":"Czechos\u0142owacka tuba"},"content":{"rendered":"\n<figure class=\"wp-block-image aligncenter size-full\"><img loading=\"lazy\" decoding=\"async\" width=\"1024\" height=\"683\" src=\"https:\/\/wgphoto.pl\/t\/wp-content\/uploads\/2025\/01\/IMGP1866.jpg\" alt=\"\" class=\"wp-image-9988\" srcset=\"https:\/\/wgphoto.pl\/t\/wp-content\/uploads\/2025\/01\/IMGP1866.jpg 1024w, https:\/\/wgphoto.pl\/t\/wp-content\/uploads\/2025\/01\/IMGP1866-300x200.jpg 300w, https:\/\/wgphoto.pl\/t\/wp-content\/uploads\/2025\/01\/IMGP1866-768x512.jpg 768w\" sizes=\"auto, (max-width: 1024px) 100vw, 1024px\" \/><\/figure>\n\n\n\n<div class=\"wp-block-group has-global-padding is-layout-constrained wp-block-group-is-layout-constrained\">\n<p>Stacja \u017delivsk\u00e9ho na zielonej linii metra. Praskie metro jest fajne, bo a\u017c czu\u0107 w nim klimat radzieckiej my\u015bli technicznej, ale z aparatem mo\u017cna biega\u0107 do woli. 08.07.2011<\/p>\n<\/div>\n","protected":false},"excerpt":{"rendered":"<p>Stacja \u017delivsk\u00e9ho na zielonej linii metra. Praskie metro jest fajne, bo a\u017c czu\u0107 w nim klimat radzieckiej my\u015bli technicznej, ale z aparatem mo\u017cna biega\u0107 do woli. 08.07.2011<\/p>\n","protected":false},"author":1,"featured_media":9988,"comment_status":"open","ping_status":"","sticky":false,"template":"","format":"standard","meta":{"footnotes":""},"categories":[4,77],"tags":[2976,49,1049,173,2649,52,1505,15,1506],"class_list":["post-9987","post","type-post","status-publish","format-standard","has-post-thumbnail","hentry","category-metro","category-rok-2011","tag-2011-07-08","tag-czechy","tag-dp-praha","tag-koncowki","tag-metro-praha","tag-praga","tag-stacje-praskiego-metra","tag-tunel","tag-1506"],"_links":{"self":[{"href":"https:\/\/wgphoto.pl\/t\/index.php?rest_route=\/wp\/v2\/posts\/9987","targetHints":{"allow":["GET"]}}],"collection":[{"href":"https:\/\/wgphoto.pl\/t\/index.php?rest_route=\/wp\/v2\/posts"}],"about":[{"href":"https:\/\/wgphoto.pl\/t\/index.php?rest_route=\/wp\/v2\/types\/post"}],"author":[{"embeddable":true,"href":"https:\/\/wgphoto.pl\/t\/index.php?rest_route=\/wp\/v2\/users\/1"}],"replies":[{"embeddable":true,"href":"https:\/\/wgphoto.pl\/t\/index.php?rest_route=%2Fwp%2Fv2%2Fcomments&post=9987"}],"version-history":[{"count":1,"href":"https:\/\/wgphoto.pl\/t\/index.php?rest_route=\/wp\/v2\/posts\/9987\/revisions"}],"predecessor-version":[{"id":9989,"href":"https:\/\/wgphoto.pl\/t\/index.php?rest_route=\/wp\/v2\/posts\/9987\/revisions\/9989"}],"wp:featuredmedia":[{"embeddable":true,"href":"https:\/\/wgphoto.pl\/t\/index.php?rest_route=\/wp\/v2\/media\/9988"}],"wp:attachment":[{"href":"https:\/\/wgphoto.pl\/t\/index.php?rest_route=%2Fwp%2Fv2%2Fmedia&parent=9987"}],"wp:term":[{"taxonomy":"category","embeddable":true,"href":"https:\/\/wgphoto.pl\/t\/index.php?rest_route=%2Fwp%2Fv2%2Fcategories&post=9987"},{"taxonomy":"post_tag","embeddable":true,"href":"https:\/\/wgphoto.pl\/t\/index.php?rest_route=%2Fwp%2Fv2%2Ftags&post=9987"}],"curies":[{"name":"wp","href":"https:\/\/api.w.org\/{rel}","templated":true}]}}