{"id":533,"count":33,"description":"","link":"https:\/\/wgphoto.pl\/t\/?tag=z-sokolki-do-mlynar-2009","name":"z Sok\u00f3\u0142ki do M\u0142ynar 2009","slug":"z-sokolki-do-mlynar-2009","taxonomy":"post_tag","meta":[],"_links":{"self":[{"href":"https:\/\/wgphoto.pl\/t\/index.php?rest_route=\/wp\/v2\/tags\/533","targetHints":{"allow":["GET"]}}],"collection":[{"href":"https:\/\/wgphoto.pl\/t\/index.php?rest_route=\/wp\/v2\/tags"}],"about":[{"href":"https:\/\/wgphoto.pl\/t\/index.php?rest_route=\/wp\/v2\/taxonomies\/post_tag"}],"wp:post_type":[{"href":"https:\/\/wgphoto.pl\/t\/index.php?rest_route=%2Fwp%2Fv2%2Fposts&tags=533"}],"curies":[{"name":"wp","href":"https:\/\/api.w.org\/{rel}","templated":true}]}}